{"id":55053,"date":"2023-07-27T06:30:03","date_gmt":"2023-07-27T10:30:03","guid":{"rendered":"https:\/\/jms.com.bo\/mediamonitor\/2023\/07\/27\/situacion-del-titicaca-alerta-a-comunarios-de-dos-paises\/"},"modified":"2023-07-27T06:30:03","modified_gmt":"2023-07-27T10:30:03","slug":"situacion-del-titicaca-alerta-a-comunarios-de-dos-paises","status":"publish","type":"post","link":"https:\/\/jms.com.bo\/mediamonitor\/2023\/07\/27\/situacion-del-titicaca-alerta-a-comunarios-de-dos-paises\/","title":{"rendered":"Situaci\u00f3n del Titicaca alerta a comunarios de dos pa\u00edses"},"content":{"rendered":"<p style=\"text-align: justify;\">Los comunarios que viven a las riberas del lago Titicaca, de Bolivia y Per\u00fa, se reunir\u00e1n para analizar la preocupante reducci\u00f3n del nivel del agua y paliar el peligro a su econom\u00eda. El descenso del nivel de agua en el Lago Titicaca est\u00e1 a punto de alcanzar el promedio m\u00e1s bajo experimentado en 1996, de acuerdo con un informe de la Direcci\u00f3n de Hidrolog\u00eda del Servicio Nacional de Meteorolog\u00eda e Hidrolog\u00eda.<\/p>\n<p style=\"text-align: justify;\">Seg\u00fan el reporte, en solo un mes, baj\u00f3 10 cent\u00edmetros adicionales. Los pobladores temen efectos en su producci\u00f3n.<\/p>\n<p style=\"text-align: justify;\">Los pobladores de Desaguadero y Huarina plantean reuniones para buscar soluciones y paliar el impacto en sus formas de vida que se basa, principalmente, en la agricultura. \u201cEl agua del lago ha bajado sustancialmente este a\u00f1o, como en ning\u00fan a\u00f1o atr\u00e1s, a pesar de la \u00e9poca de lluvias, pero al contrario aqu\u00ed est\u00e1 bajando. Ya son varios a\u00f1os, pero este \u00faltimo es mucho m\u00e1s, ya no tenemos r\u00edos\u201d, lament\u00f3 el presidente de la Fejuve de Huarina, Jaime Mamani.<\/p>\n<p style=\"text-align: justify;\">En marzo, Huarina envi\u00f3 un informe al Ministerio de Defensa y hasta la fecha no recibieron respuesta alguna, solo algunos v\u00edveres como arroz, fideo y aceite.<\/p>\n","protected":false},"excerpt":{"rendered":"<p>Los comunarios que viven a las riberas del lago Titicaca, de Bolivia y Per\u00fa, se reunir\u00e1n para analizar la preocupante reducci\u00f3n del nivel del agua y paliar el peligro a su econom\u00eda. El descenso del nivel de agua en el Lago Titicaca est\u00e1 a punto de alcanzar el promedio m\u00e1s bajo experimentado en 1996, de [&hellip;]<\/p>\n","protected":false},"author":4,"featured_media":55054,"comment_status":"open","ping_status":"closed","sticky":false,"template":"","format":"standard","meta":{"footnotes":""},"categories":[20,47,48],"tags":[],"class_list":{"0":"post-55053","1":"post","2":"type-post","3":"status-publish","4":"format-standard","5":"has-post-thumbnail","7":"category-actualidad","8":"category-portada-actualidad","9":"category-portada-general-sitio"},"_links":{"self":[{"href":"https:\/\/jms.com.bo\/mediamonitor\/wp-json\/wp\/v2\/posts\/55053","targetHints":{"allow":["GET"]}}],"collection":[{"href":"https:\/\/jms.com.bo\/mediamonitor\/wp-json\/wp\/v2\/posts"}],"about":[{"href":"https:\/\/jms.com.bo\/mediamonitor\/wp-json\/wp\/v2\/types\/post"}],"author":[{"embeddable":true,"href":"https:\/\/jms.com.bo\/mediamonitor\/wp-json\/wp\/v2\/users\/4"}],"replies":[{"embeddable":true,"href":"https:\/\/jms.com.bo\/mediamonitor\/wp-json\/wp\/v2\/comments?post=55053"}],"version-history":[{"count":0,"href":"https:\/\/jms.com.bo\/mediamonitor\/wp-json\/wp\/v2\/posts\/55053\/revisions"}],"wp:featuredmedia":[{"embeddable":true,"href":"https:\/\/jms.com.bo\/mediamonitor\/wp-json\/wp\/v2\/media\/55054"}],"wp:attachment":[{"href":"https:\/\/jms.com.bo\/mediamonitor\/wp-json\/wp\/v2\/media?parent=55053"}],"wp:term":[{"taxonomy":"category","embeddable":true,"href":"https:\/\/jms.com.bo\/mediamonitor\/wp-json\/wp\/v2\/categories?post=55053"},{"taxonomy":"post_tag","embeddable":true,"href":"https:\/\/jms.com.bo\/mediamonitor\/wp-json\/wp\/v2\/tags?post=55053"}],"curies":[{"name":"wp","href":"https:\/\/api.w.org\/{rel}","templated":true}]}}