{"id":55055,"date":"2023-07-27T06:39:04","date_gmt":"2023-07-27T10:39:04","guid":{"rendered":"https:\/\/jms.com.bo\/mediamonitor\/2023\/07\/27\/petrocontratos-el-tsj-reabrira-el-juicio-de-responsabilidades-a-sanchez-de-lozada\/"},"modified":"2023-07-27T06:39:04","modified_gmt":"2023-07-27T10:39:04","slug":"petrocontratos-el-tsj-reabrira-el-juicio-de-responsabilidades-a-sanchez-de-lozada","status":"publish","type":"post","link":"https:\/\/jms.com.bo\/mediamonitor\/2023\/07\/27\/petrocontratos-el-tsj-reabrira-el-juicio-de-responsabilidades-a-sanchez-de-lozada\/","title":{"rendered":"Petrocontratos: el TSJ reabrir\u00e1 el juicio de responsabilidades a S\u00e1nchez de Lozada"},"content":{"rendered":"<p style=\"text-align: justify;\">El presidente de la Sala Penal del Tribunal Supremo de Justicia (TSJ), Osvaldo Eg\u00fcez, inform\u00f3 de la reanudaci\u00f3n del juicio de responsabilidades en contra del expresidente Gonzalo S\u00e1nchez de Lozada por el caso denominado Petrocontratos.<\/p>\n<p style=\"text-align: justify;\">\u201cHemos se\u00f1alado audiencia para el pr\u00f3ximo martes (8 de agosto) en el cual se iniciar\u00e1 el desarrollo del juicio oral. Estamos a la espera de que se realicen todas las diligencias mediante las comisiones respectivas para las notificaciones y que todas las partes tengan conocimiento de este juicio oral\u201d, dijo Eg\u00fcez, citado en una nota de radio Fides.<\/p>\n<p style=\"text-align: justify;\">Explic\u00f3 que el expresidente Jorge Quiroga qued\u00f3 excluido del caso porque se acogi\u00f3 a una amnist\u00eda. Sin embargo, otros implicados, como los exministros Carlos L\u00f3pez Quiroga, Jorge Berindoague Alc\u00f3cer, de Hidrocarburos, y el exviceministro Carlos Contreras, siguen en el proceso.<\/p>\n<p style=\"text-align: justify;\">Las exautoridades est\u00e1n acusadas por la supuesta comisi\u00f3n de los delitos de incumplimiento de deberes y conducta antiecon\u00f3mica.<\/p>\n<p style=\"text-align: justify;\">La causa investiga la firma de contratos con al menos 21 empresas transnacionales, cuyo trabajo era verificar y explotar reservas hidrocarbur\u00edferas. Seg\u00fan las acusaciones, los documentos se suscribieron antes del aval del \u00d3rgano Legislativo.<\/p>\n<p style=\"text-align: justify;\">De los 106 contratos, 52 se firmaron en la primera gesti\u00f3n de gobierno de S\u00e1nchez de Lozada (1993-1997);\u200849 en la del extinto Hugo Banzer (1997-2001); cuatro en la de Jorge Quiroga (2001-2002), y uno en la de Carlos Mesa. Estos dos \u00faltimos quedaron excluidos del juicio, en momentos distintos.<\/p>\n<p style=\"text-align: justify;\">Esos documentos, seg\u00fan las acusaciones que llegaron al Ministerio P\u00fablico, favorecieron los intereses de esas empresas en detrimento del inter\u00e9s del Estado.<\/p>\n<p style=\"text-align: justify;\">Denuncia contra S\u00e1nchez de Lozada<\/p>\n<p style=\"text-align: justify;\">La denuncia sobre el caso fue presentada por el tambi\u00e9n exmandatario Evo Morales, en 2005, cuando era diputado. El ministerio P\u00fablico admiti\u00f3 la demanda el 14 de abril de ese a\u00f1o. El 4 de mayo, el entonces fiscal general Pedro Gareca formul\u00f3 el requerimiento acusatorio y posteriormente se requiri\u00f3 a la Suprema que pida la autorizaci\u00f3n para empezar los procesos.<\/p>\n<p style=\"text-align: justify;\">El 11 de septiembre de 2011, la Asamblea Legislativa autoriz\u00f3 el procesamiento de las exautoridades por los delitos de resoluciones contrarias a la Constituci\u00f3n Pol\u00edtica del Estado y las leyes, incumplimiento de deberes, conducta antiecon\u00f3mica y encubrimiento.<\/p>\n<p style=\"text-align: justify;\">S\u00e1nchez de Lozada huy\u00f3 el pa\u00eds en octubre de 2003, al renunciar a su mandato tras la muerte de m\u00e1s de 60 personas en la denominada Guerra del Gas. Estableci\u00f3 su residencia en Estados Unidos.<\/p>\n","protected":false},"excerpt":{"rendered":"<p>El presidente de la Sala Penal del Tribunal Supremo de Justicia (TSJ), Osvaldo Eg\u00fcez, inform\u00f3 de la reanudaci\u00f3n del juicio de responsabilidades en contra del expresidente Gonzalo S\u00e1nchez de Lozada por el caso denominado Petrocontratos. \u201cHemos se\u00f1alado audiencia para el pr\u00f3ximo martes (8 de agosto) en el cual se iniciar\u00e1 el desarrollo del juicio oral. [&hellip;]<\/p>\n","protected":false},"author":4,"featured_media":55056,"comment_status":"open","ping_status":"closed","sticky":false,"template":"","format":"standard","meta":{"footnotes":""},"categories":[18],"tags":[],"class_list":{"0":"post-55055","1":"post","2":"type-post","3":"status-publish","4":"format-standard","5":"has-post-thumbnail","7":"category-politica"},"_links":{"self":[{"href":"https:\/\/jms.com.bo\/mediamonitor\/wp-json\/wp\/v2\/posts\/55055","targetHints":{"allow":["GET"]}}],"collection":[{"href":"https:\/\/jms.com.bo\/mediamonitor\/wp-json\/wp\/v2\/posts"}],"about":[{"href":"https:\/\/jms.com.bo\/mediamonitor\/wp-json\/wp\/v2\/types\/post"}],"author":[{"embeddable":true,"href":"https:\/\/jms.com.bo\/mediamonitor\/wp-json\/wp\/v2\/users\/4"}],"replies":[{"embeddable":true,"href":"https:\/\/jms.com.bo\/mediamonitor\/wp-json\/wp\/v2\/comments?post=55055"}],"version-history":[{"count":0,"href":"https:\/\/jms.com.bo\/mediamonitor\/wp-json\/wp\/v2\/posts\/55055\/revisions"}],"wp:featuredmedia":[{"embeddable":true,"href":"https:\/\/jms.com.bo\/mediamonitor\/wp-json\/wp\/v2\/media\/55056"}],"wp:attachment":[{"href":"https:\/\/jms.com.bo\/mediamonitor\/wp-json\/wp\/v2\/media?parent=55055"}],"wp:term":[{"taxonomy":"category","embeddable":true,"href":"https:\/\/jms.com.bo\/mediamonitor\/wp-json\/wp\/v2\/categories?post=55055"},{"taxonomy":"post_tag","embeddable":true,"href":"https:\/\/jms.com.bo\/mediamonitor\/wp-json\/wp\/v2\/tags?post=55055"}],"curies":[{"name":"wp","href":"https:\/\/api.w.org\/{rel}","templated":true}]}}