{"id":55057,"date":"2023-07-27T06:40:33","date_gmt":"2023-07-27T10:40:33","guid":{"rendered":"https:\/\/jms.com.bo\/mediamonitor\/2023\/07\/27\/hasta-2024-6-ministros-de-arce-seran-interpelados\/"},"modified":"2023-07-27T06:40:33","modified_gmt":"2023-07-27T10:40:33","slug":"hasta-2024-6-ministros-de-arce-seran-interpelados","status":"publish","type":"post","link":"https:\/\/jms.com.bo\/mediamonitor\/2023\/07\/27\/hasta-2024-6-ministros-de-arce-seran-interpelados\/","title":{"rendered":"Hasta 2024, 6 ministros de Arce ser\u00e1n interpelados"},"content":{"rendered":"<p style=\"text-align: justify;\">Tras el receso legislativo, seis ministros del presidente Luis Arce ser\u00e1n interpelados en 13 sesiones de la Asamblea Legislativa Plurinacional (ALP) ya programadas por su presidente nato, el vicepresidente David Choquehuanca.<\/p>\n<p style=\"text-align: justify;\">\u201cLos ministros de Arce deber\u00edan dar un paso al costado. Varios est\u00e1n en la cuerda floja\u201d Leonardo Ayala, diputado<\/p>\n<p style=\"text-align: justify;\">Varios legisladores de Creemos consideran que los ministros deber\u00edan renunciar antes de los actos interpelatorios, porque estos realizan un trabajo \u201cmediocre\u201d, ya que no hay una lucha real contra el narcotr\u00e1fico, la corrupci\u00f3n y contrabando, ni se avanza en la reactivaci\u00f3n econ\u00f3mica del pa\u00eds.<\/p>\n<p style=\"text-align: justify;\">Los legisladores retornar\u00e1n a sesionar el 1 de agosto. Es as\u00ed que, desde el 16 de ese mes hasta el 7 de febrero de 2024, seis ministros del presidente Arce ser\u00e1n interpelados en 13 sesiones.<\/p>\n<p style=\"text-align: justify;\">Ministros ante las interpelaciones<\/p>\n<p style=\"text-align: justify;\">El primer acto de interpelaci\u00f3n ser\u00e1 al ministro de Econom\u00eda y Finanzas, Marcelo Montenegro, quien debe explicar sobre el Fondo de Pensiones y la Gestora P\u00fablica de la Seguridad a Largo Plazo.<\/p>\n<p style=\"text-align: justify;\">Esta autoridad debe presentarse ante la ALP a otros dos actos de interpelaci\u00f3n, el primero para explicar sobre la recaudaci\u00f3n del Impuesto Especial a Hidrocarburos, que fue programado para el 23 de agosto. Luego, el 4 de octubre, debe informar sobre las gestiones de fiscalizaci\u00f3n que realiz\u00f3 la Autoridad de Supervisi\u00f3n del Sistema Financiero (ASFI) al Banco Fassil.<\/p>\n<p style=\"text-align: justify;\">Posteriormente, el ministro de Gobierno, Eduardo Del Castillo -quien ya fue censurado y restituido en el cargo- ser\u00e1 interpelado por cuatro temas.<\/p>\n<p style=\"text-align: justify;\">El primero fue programado para el mi\u00e9rcoles 20 de septiembre, cuando deber\u00e1 explicar sobre el Sistema inform\u00e1tico de control y vigilancia en el aeropuerto de Viru Viru con el apoyo de organismos internacionales cooperantes con la Polic\u00eda Boliviana de Lucha Contra el Narcotr\u00e1fico. La interpelaci\u00f3n fue solicitada por legisladores de Creemos.<\/p>\n<p style=\"text-align: justify;\">La segunda interpelaci\u00f3n est\u00e1 prevista para el 11 de octubre, y debe informar sobre la seguridad o protecci\u00f3n policial del se\u00f1or Carlos Alberto Colodro L\u00f3pez, exinterventor del Banco Fassil, quien muri\u00f3 en circunstancias que para el Gobierno fue \u201csuicidio\u201d.<\/p>\n<p style=\"text-align: justify;\">La tercera sesi\u00f3n de interpelaci\u00f3n fue programada para el 6 de diciembre, en la que explicar\u00e1 sobre la seguridad interna del Estado. La \u00faltima est\u00e1 fijada para el 6 de diciembre, con el fin de que detalle sobre los hechos de narcotr\u00e1fico en el pa\u00eds.<\/p>\n<p style=\"text-align: justify;\">Estas tres interpelaciones fueron solicitadas por diputados de la facci\u00f3n evista, seg\u00fan una nota de prensa de legisladores de Creemos.<\/p>\n<p style=\"text-align: justify;\">El ministro de Obras P\u00fablicas, \u00c9dgar Monta\u00f1o, tambi\u00e9n deber\u00e1 presentarse a dos actos de interpelaci\u00f3n. El primero est\u00e1 programado para el 18 de octubre a las 14:30, y en la sesi\u00f3n debe explicar sobre los actos de interferencia il\u00edcita en BOA y uso de la aeronave para transportar sustancias controladas hacia Espa\u00f1a.<\/p>\n<p style=\"text-align: justify;\">La segunda interpelaci\u00f3n a la que debe enfrentarse Monta\u00f1o fue programada para el 15 de noviembre, cuando deber\u00e1 explicar sobre la Agencia Boliviana de Correos por el extrav\u00edo e incumplimiento de paquetes remitidos desde el exterior. La interpelaci\u00f3n, que ya fue postergada en dos oportunidades, fue solicitada por legisladores de oposici\u00f3n.<\/p>\n","protected":false},"excerpt":{"rendered":"<p>Tras el receso legislativo, seis ministros del presidente Luis Arce ser\u00e1n interpelados en 13 sesiones de la Asamblea Legislativa Plurinacional (ALP) ya programadas por su presidente nato, el vicepresidente David Choquehuanca. \u201cLos ministros de Arce deber\u00edan dar un paso al costado. Varios est\u00e1n en la cuerda floja\u201d Leonardo Ayala, diputado Varios legisladores de Creemos consideran [&hellip;]<\/p>\n","protected":false},"author":4,"featured_media":55058,"comment_status":"open","ping_status":"closed","sticky":false,"template":"","format":"standard","meta":{"footnotes":""},"categories":[18],"tags":[],"class_list":{"0":"post-55057","1":"post","2":"type-post","3":"status-publish","4":"format-standard","5":"has-post-thumbnail","7":"category-politica"},"_links":{"self":[{"href":"https:\/\/jms.com.bo\/mediamonitor\/wp-json\/wp\/v2\/posts\/55057","targetHints":{"allow":["GET"]}}],"collection":[{"href":"https:\/\/jms.com.bo\/mediamonitor\/wp-json\/wp\/v2\/posts"}],"about":[{"href":"https:\/\/jms.com.bo\/mediamonitor\/wp-json\/wp\/v2\/types\/post"}],"author":[{"embeddable":true,"href":"https:\/\/jms.com.bo\/mediamonitor\/wp-json\/wp\/v2\/users\/4"}],"replies":[{"embeddable":true,"href":"https:\/\/jms.com.bo\/mediamonitor\/wp-json\/wp\/v2\/comments?post=55057"}],"version-history":[{"count":0,"href":"https:\/\/jms.com.bo\/mediamonitor\/wp-json\/wp\/v2\/posts\/55057\/revisions"}],"wp:featuredmedia":[{"embeddable":true,"href":"https:\/\/jms.com.bo\/mediamonitor\/wp-json\/wp\/v2\/media\/55058"}],"wp:attachment":[{"href":"https:\/\/jms.com.bo\/mediamonitor\/wp-json\/wp\/v2\/media?parent=55057"}],"wp:term":[{"taxonomy":"category","embeddable":true,"href":"https:\/\/jms.com.bo\/mediamonitor\/wp-json\/wp\/v2\/categories?post=55057"},{"taxonomy":"post_tag","embeddable":true,"href":"https:\/\/jms.com.bo\/mediamonitor\/wp-json\/wp\/v2\/tags?post=55057"}],"curies":[{"name":"wp","href":"https:\/\/api.w.org\/{rel}","templated":true}]}}