{"id":55059,"date":"2023-07-27T06:41:50","date_gmt":"2023-07-27T10:41:50","guid":{"rendered":"https:\/\/jms.com.bo\/mediamonitor\/2023\/07\/27\/senadora-arce-espera-que-el-viernes-pueda-conocerse-el-fallo-del-tcp-sobre-las-judiciales\/"},"modified":"2023-07-27T06:41:50","modified_gmt":"2023-07-27T10:41:50","slug":"senadora-arce-espera-que-el-viernes-pueda-conocerse-el-fallo-del-tcp-sobre-las-judiciales","status":"publish","type":"post","link":"https:\/\/jms.com.bo\/mediamonitor\/2023\/07\/27\/senadora-arce-espera-que-el-viernes-pueda-conocerse-el-fallo-del-tcp-sobre-las-judiciales\/","title":{"rendered":"Senadora Arce espera que el viernes pueda conocerse el fallo del TCP sobre las judiciales"},"content":{"rendered":"<p style=\"text-align: justify;\">La presidenta de la Comisi\u00f3n Mixta de Constituci\u00f3n de la Asamblea Legislativa, senadora Patricia Arce, se\u00f1al\u00f3 este mi\u00e9rcoles que el fallo sobre la acci\u00f3n de inconstitucionalidad abstracta que paraliz\u00f3 el proceso de preselecci\u00f3n de postulantes al \u00d3rgano Judicial Plurinacional puede conocerse este viernes.<\/p>\n<p style=\"text-align: justify;\">\u201cHan manifestado (los asamble\u00edstas) que ya nos estar\u00edan notificando este viernes y (si) tenemos que trabajar viernes, s\u00e1bado y domingo lo vamos a hacer. Esa es nuestra responsabilidad y nosotros queremos demostrar que la comisi\u00f3n ha estado predispuesta a viabilizar las elecciones\u201d, dijo.<\/p>\n<p style=\"text-align: justify;\">El 28 de abril, la Asamblea Legislativa suspendi\u00f3 de manera temporal el proceso de preselecci\u00f3n al cargo de magistrados del \u00d3rgano Judicial, debido a un fallo emitido por el Tribunal Constitucional Plurinacional (TCP) ante un recurso interpuesto por el diputado de Creemos Leonardo Ayala.<\/p>\n<p style=\"text-align: justify;\">Ayala present\u00f3 una acci\u00f3n de inconstitucionalidad abstracta ante el TCP. En su petitorio, alega que la Sala Constitucional de Beni observ\u00f3 el reglamento de preselecci\u00f3n en su totalidad y que los asamble\u00edstas elaboraron uno nuevo. Lo que correspond\u00eda era una ley, como sucedi\u00f3 en 2017 con la Ley 960 Transitoria.<\/p>\n<p style=\"text-align: justify;\">La senadora Arce pidi\u00f3 tambi\u00e9n al ministro de Justicia, Iv\u00e1n Lima que, si pudiera interceder para que el fallo salga lo m\u00e1s antes posible, lo haga, de esa forma se pueda trabajar y darle certeza a la poblaci\u00f3n.<\/p>\n<p style=\"text-align: justify;\">De acuerdo con la senadora, se mand\u00f3 una nota al vicepresidente David Choquehuanca pidi\u00e9ndole que comunique a todos los miembros de esa comisi\u00f3n para que se pueda trabajar en feriado del 6 de agosto.<\/p>\n<p style=\"text-align: justify;\">\u201cLo que responde y es lo correcto, es que no depende de \u00e9l, sino de la voluntad (de los asamble\u00edstas). Lo que si \u00e9l pude hacer es instruir a todos los t\u00e9cnicos para poder trabajar\u201d, se\u00f1al\u00f3.<\/p>\n<p style=\"text-align: justify;\">Fallo<\/p>\n<p style=\"text-align: justify;\">La senadora de Comunidad Ciudadana (CC) Silvia Salame se\u00f1al\u00f3 que el TCP tiene listo el fallo hace 10 d\u00edas y espera el \u00faltimo d\u00eda para hacerlo conocer.<\/p>\n<p style=\"text-align: justify;\">\u201cExtraoficialmente nos han indicado que hace m\u00e1s de 10 d\u00edas el fallo est\u00e1 listo. Incluso nos han comentado como podr\u00eda ser, lo cual no podemos ni mencionar por responsabilidad con el pa\u00eds, pero parece ser que el Tribunal Constitucional se est\u00e1 tomando hasta el \u00faltimo d\u00eda del plazo que le confiere el C\u00f3digo Procesal\u201d.<\/p>\n<p style=\"text-align: justify;\">El Tribunal Supremo Electoral (TSE), el 14 de julio, garantiz\u00f3 el desarrollo de las elecciones judiciales para el domingo 3 de diciembre; bajo condici\u00f3n de que la Asamblea le haga llegar la lista de postulantes preseleccionados hasta el lunes 4 de septiembre.<\/p>\n","protected":false},"excerpt":{"rendered":"<p>La presidenta de la Comisi\u00f3n Mixta de Constituci\u00f3n de la Asamblea Legislativa, senadora Patricia Arce, se\u00f1al\u00f3 este mi\u00e9rcoles que el fallo sobre la acci\u00f3n de inconstitucionalidad abstracta que paraliz\u00f3 el proceso de preselecci\u00f3n de postulantes al \u00d3rgano Judicial Plurinacional puede conocerse este viernes. \u201cHan manifestado (los asamble\u00edstas) que ya nos estar\u00edan notificando este viernes y [&hellip;]<\/p>\n","protected":false},"author":4,"featured_media":55060,"comment_status":"open","ping_status":"closed","sticky":false,"template":"","format":"standard","meta":{"footnotes":""},"categories":[18,48,46],"tags":[],"class_list":{"0":"post-55059","1":"post","2":"type-post","3":"status-publish","4":"format-standard","5":"has-post-thumbnail","7":"category-politica","8":"category-portada-general-sitio","9":"category-portada-politica"},"_links":{"self":[{"href":"https:\/\/jms.com.bo\/mediamonitor\/wp-json\/wp\/v2\/posts\/55059","targetHints":{"allow":["GET"]}}],"collection":[{"href":"https:\/\/jms.com.bo\/mediamonitor\/wp-json\/wp\/v2\/posts"}],"about":[{"href":"https:\/\/jms.com.bo\/mediamonitor\/wp-json\/wp\/v2\/types\/post"}],"author":[{"embeddable":true,"href":"https:\/\/jms.com.bo\/mediamonitor\/wp-json\/wp\/v2\/users\/4"}],"replies":[{"embeddable":true,"href":"https:\/\/jms.com.bo\/mediamonitor\/wp-json\/wp\/v2\/comments?post=55059"}],"version-history":[{"count":0,"href":"https:\/\/jms.com.bo\/mediamonitor\/wp-json\/wp\/v2\/posts\/55059\/revisions"}],"wp:featuredmedia":[{"embeddable":true,"href":"https:\/\/jms.com.bo\/mediamonitor\/wp-json\/wp\/v2\/media\/55060"}],"wp:attachment":[{"href":"https:\/\/jms.com.bo\/mediamonitor\/wp-json\/wp\/v2\/media?parent=55059"}],"wp:term":[{"taxonomy":"category","embeddable":true,"href":"https:\/\/jms.com.bo\/mediamonitor\/wp-json\/wp\/v2\/categories?post=55059"},{"taxonomy":"post_tag","embeddable":true,"href":"https:\/\/jms.com.bo\/mediamonitor\/wp-json\/wp\/v2\/tags?post=55059"}],"curies":[{"name":"wp","href":"https:\/\/api.w.org\/{rel}","templated":true}]}}