{"id":55061,"date":"2023-07-27T06:43:33","date_gmt":"2023-07-27T10:43:33","guid":{"rendered":"https:\/\/jms.com.bo\/mediamonitor\/2023\/07\/27\/la-escasez-de-dolares-debilita-la-economia\/"},"modified":"2023-07-27T06:43:33","modified_gmt":"2023-07-27T10:43:33","slug":"la-escasez-de-dolares-debilita-la-economia","status":"publish","type":"post","link":"https:\/\/jms.com.bo\/mediamonitor\/2023\/07\/27\/la-escasez-de-dolares-debilita-la-economia\/","title":{"rendered":"La escasez de d\u00f3lares debilita la econom\u00eda"},"content":{"rendered":"<p style=\"text-align: justify;\">La escasez de la divisa estadounidense en el pa\u00eds debilita a la econom\u00eda nacional, puntualiza un informe de la Fundaci\u00f3n Milenio; entretanto, el Gobierno resalta la baja inflaci\u00f3n con un costo para los bolivianos de 2.000 millones de d\u00f3lares en subsidios, sumado a esto el control de precios.<\/p>\n<p style=\"text-align: justify;\">El ministro de Econom\u00eda y Finanzas P\u00fablicas, Marcelo Montenegro, sostuvo ayer que Bolivia logr\u00f3 superar el momento econ\u00f3mico m\u00e1s complicado de los \u00faltimos a\u00f1os, luego del brote especulativo de d\u00f3lares y el problema de baja liquidez que se dio entre los meses de febrero y marzo de este a\u00f1o.<\/p>\n<p style=\"text-align: justify;\">\u201cBolivia, este 2023, entre febrero y marzo, tuvo un problema relacionado a un nivel de liquidez m\u00e1s bajo que el que hab\u00edamos visto previamente y, obviamente, ah\u00ed se ha sentido un per\u00edodo complicado, pero hablando el d\u00eda de ayer con Asoban nos se\u00f1alaban que esto ha ido mejorando en t\u00e9rminos de otorgar la divisa norteamericana a distintos clientes de sus bancos\u201d, manifest\u00f3.<\/p>\n<p style=\"text-align: justify;\">Por otro lado, la Fundaci\u00f3n Milenio identific\u00f3 los principales problemas que aquejan a la econom\u00eda boliviana son: i) la fragilidad de la posici\u00f3n externa, reflejada primordialmente en la escasez de d\u00f3lares; ii) el elevado d\u00e9ficit fiscal y su financiamiento principalmente con cr\u00e9dito del Banco Central de Bolivia (BCB); iii) la debilidad y el riesgo de estancamiento econ\u00f3mico; iv) un ambiente de desconfianza en la conducci\u00f3n de la econom\u00eda y en las condiciones que enmarcan la actividad econ\u00f3mica y productiva.<\/p>\n","protected":false},"excerpt":{"rendered":"<p>La escasez de la divisa estadounidense en el pa\u00eds debilita a la econom\u00eda nacional, puntualiza un informe de la Fundaci\u00f3n Milenio; entretanto, el Gobierno resalta la baja inflaci\u00f3n con un costo para los bolivianos de 2.000 millones de d\u00f3lares en subsidios, sumado a esto el control de precios. El ministro de Econom\u00eda y Finanzas P\u00fablicas, [&hellip;]<\/p>\n","protected":false},"author":4,"featured_media":55062,"comment_status":"open","ping_status":"closed","sticky":false,"template":"","format":"standard","meta":{"footnotes":""},"categories":[25],"tags":[],"class_list":{"0":"post-55061","1":"post","2":"type-post","3":"status-publish","4":"format-standard","5":"has-post-thumbnail","7":"category-economia"},"_links":{"self":[{"href":"https:\/\/jms.com.bo\/mediamonitor\/wp-json\/wp\/v2\/posts\/55061","targetHints":{"allow":["GET"]}}],"collection":[{"href":"https:\/\/jms.com.bo\/mediamonitor\/wp-json\/wp\/v2\/posts"}],"about":[{"href":"https:\/\/jms.com.bo\/mediamonitor\/wp-json\/wp\/v2\/types\/post"}],"author":[{"embeddable":true,"href":"https:\/\/jms.com.bo\/mediamonitor\/wp-json\/wp\/v2\/users\/4"}],"replies":[{"embeddable":true,"href":"https:\/\/jms.com.bo\/mediamonitor\/wp-json\/wp\/v2\/comments?post=55061"}],"version-history":[{"count":0,"href":"https:\/\/jms.com.bo\/mediamonitor\/wp-json\/wp\/v2\/posts\/55061\/revisions"}],"wp:featuredmedia":[{"embeddable":true,"href":"https:\/\/jms.com.bo\/mediamonitor\/wp-json\/wp\/v2\/media\/55062"}],"wp:attachment":[{"href":"https:\/\/jms.com.bo\/mediamonitor\/wp-json\/wp\/v2\/media?parent=55061"}],"wp:term":[{"taxonomy":"category","embeddable":true,"href":"https:\/\/jms.com.bo\/mediamonitor\/wp-json\/wp\/v2\/categories?post=55061"},{"taxonomy":"post_tag","embeddable":true,"href":"https:\/\/jms.com.bo\/mediamonitor\/wp-json\/wp\/v2\/tags?post=55061"}],"curies":[{"name":"wp","href":"https:\/\/api.w.org\/{rel}","templated":true}]}}