{"id":55069,"date":"2023-07-27T06:49:57","date_gmt":"2023-07-27T10:49:57","guid":{"rendered":"https:\/\/jms.com.bo\/mediamonitor\/2023\/07\/27\/expertos-llaman-a-la-integracion-energetica-de-latinoamerica-y-a-impulsar-las-renovables\/"},"modified":"2023-07-27T06:49:57","modified_gmt":"2023-07-27T10:49:57","slug":"expertos-llaman-a-la-integracion-energetica-de-latinoamerica-y-a-impulsar-las-renovables","status":"publish","type":"post","link":"https:\/\/jms.com.bo\/mediamonitor\/2023\/07\/27\/expertos-llaman-a-la-integracion-energetica-de-latinoamerica-y-a-impulsar-las-renovables\/","title":{"rendered":"Expertos llaman a la integraci\u00f3n energ\u00e9tica de Latinoam\u00e9rica y a impulsar las renovables"},"content":{"rendered":"<p style=\"text-align: justify;\">La Junta de Expertos de la Organizaci\u00f3n Latinoamericana de la Energ\u00eda (Olade) realiz\u00f3 un llamamiento a la integraci\u00f3n energ\u00e9tica, especialmente del gas, y a diversificar la matriz energ\u00e9tica con impulso de las energ\u00edas renovables, as\u00ed como a realizar una miner\u00eda responsable con el medio ambiente.<\/p>\n<p style=\"text-align: justify;\">En su quincuag\u00e9sima novena sesi\u00f3n ordinaria, celebrada en Quito, el \u00f3rgano asesor de la Olade cont\u00f3 con la participaci\u00f3n de representantes de 23 pa\u00edses, detall\u00f3 este mi\u00e9rcoles en un comunicado la organizaci\u00f3n internacional con sede en la capital de Ecuador.<\/p>\n<p style=\"text-align: justify;\">El grupo de expertos abord\u00f3 los desaf\u00edos y oportunidades de Latinoam\u00e9rica y el Caribe en materia energ\u00e9tica, con el objetivo de impulsar la cooperaci\u00f3n y el desarrollo.<\/p>\n<p style=\"text-align: justify;\">La posici\u00f3n de Venezuela, que presidi\u00f3 la sesi\u00f3n, fue remarcar la inestabilidad que en la actualidad est\u00e1 afectando a los mercados energ\u00e9ticos a nivel mundial e invocar a la integraci\u00f3n energ\u00e9tica de la regi\u00f3n para amortiguar una crisis como la actual, que tienen un impacto directo en las poblaciones.<\/p>\n<p style=\"text-align: justify;\">Por su parte, Argentina apunt\u00f3 que la integraci\u00f3n debe pasar por aprovechar las complementariedades de la regi\u00f3n en la generaci\u00f3n el\u00e9ctrica, al contar con variadas fuentes de energ\u00eda, y garantizar as\u00ed la seguridad energ\u00e9tica de cada uno de los pa\u00edses con un suministro estable y confiable.<\/p>\n<p style=\"text-align: justify;\">Asimismo, los delegados reiteraron la importancia de contar con pol\u00edticas que garanticen un suministro el\u00e9ctrico ininterrumpido y que fomenten la diversificaci\u00f3n de las fuentes de energ\u00eda para hacer frente a crisis como la de la pandemia de la covid-19.<\/p>\n<p style=\"text-align: justify;\">Tambi\u00e9n coincidieron en se\u00f1alar la necesidad de promover el uso de energ\u00edas renovables en la matriz energ\u00e9tica regional e identificaron una ralentizaci\u00f3n en la incorporaci\u00f3n de estas fuentes en las matrices nacionales, pese a los avances registrados en ese \u00e1mbito.<\/p>\n<p style=\"text-align: justify;\">Otro punto tratado fue la explotaci\u00f3n responsable de los recursos minerales de Latinoam\u00e9rica, se hizo hincapi\u00e9 en establecer marcos regulatorios s\u00f3lidos y una gobernanza adecuada para garantizar que esta explotaci\u00f3n sea sostenible y respetuosa con el medio ambiente.<\/p>\n<p style=\"text-align: justify;\">De su lado, el secretario ejecutivo de la Olade, el chileno Andr\u00e9s Rebolledo, reafirm\u00f3 su compromiso de seguir con el apoyo a los pa\u00edses de la regi\u00f3n en la b\u00fasqueda de soluciones energ\u00e9ticas integrales y sostenibles.<\/p>\n<p style=\"text-align: justify;\">Los participantes en la Junta de Expertos enfatizaron la importancia de trabajar de manera conjunta para alcanzar los objetivos de desarrollo sostenible (ODS) y asegurar un futuro energ\u00e9tico seguro y pr\u00f3spero para las generaciones venideras. EFE<\/p>\n","protected":false},"excerpt":{"rendered":"<p>La Junta de Expertos de la Organizaci\u00f3n Latinoamericana de la Energ\u00eda (Olade) realiz\u00f3 un llamamiento a la integraci\u00f3n energ\u00e9tica, especialmente del gas, y a diversificar la matriz energ\u00e9tica con impulso de las energ\u00edas renovables, as\u00ed como a realizar una miner\u00eda responsable con el medio ambiente. En su quincuag\u00e9sima novena sesi\u00f3n ordinaria, celebrada en Quito, el [&hellip;]<\/p>\n","protected":false},"author":4,"featured_media":54882,"comment_status":"open","ping_status":"closed","sticky":false,"template":"","format":"standard","meta":{"footnotes":""},"categories":[39],"tags":[],"class_list":{"0":"post-55069","1":"post","2":"type-post","3":"status-publish","4":"format-standard","5":"has-post-thumbnail","7":"category-energia"},"_links":{"self":[{"href":"https:\/\/jms.com.bo\/mediamonitor\/wp-json\/wp\/v2\/posts\/55069","targetHints":{"allow":["GET"]}}],"collection":[{"href":"https:\/\/jms.com.bo\/mediamonitor\/wp-json\/wp\/v2\/posts"}],"about":[{"href":"https:\/\/jms.com.bo\/mediamonitor\/wp-json\/wp\/v2\/types\/post"}],"author":[{"embeddable":true,"href":"https:\/\/jms.com.bo\/mediamonitor\/wp-json\/wp\/v2\/users\/4"}],"replies":[{"embeddable":true,"href":"https:\/\/jms.com.bo\/mediamonitor\/wp-json\/wp\/v2\/comments?post=55069"}],"version-history":[{"count":0,"href":"https:\/\/jms.com.bo\/mediamonitor\/wp-json\/wp\/v2\/posts\/55069\/revisions"}],"wp:featuredmedia":[{"embeddable":true,"href":"https:\/\/jms.com.bo\/mediamonitor\/wp-json\/wp\/v2\/media\/54882"}],"wp:attachment":[{"href":"https:\/\/jms.com.bo\/mediamonitor\/wp-json\/wp\/v2\/media?parent=55069"}],"wp:term":[{"taxonomy":"category","embeddable":true,"href":"https:\/\/jms.com.bo\/mediamonitor\/wp-json\/wp\/v2\/categories?post=55069"},{"taxonomy":"post_tag","embeddable":true,"href":"https:\/\/jms.com.bo\/mediamonitor\/wp-json\/wp\/v2\/tags?post=55069"}],"curies":[{"name":"wp","href":"https:\/\/api.w.org\/{rel}","templated":true}]}}