{"id":55134,"date":"2023-07-28T06:32:30","date_gmt":"2023-07-28T10:32:30","guid":{"rendered":"https:\/\/jms.com.bo\/mediamonitor\/2023\/07\/28\/75-profesionales-del-hospital-de-ninos-mario-ortiz-dieron-positivo-a-la-coqueluche\/"},"modified":"2023-07-28T06:32:30","modified_gmt":"2023-07-28T10:32:30","slug":"75-profesionales-del-hospital-de-ninos-mario-ortiz-dieron-positivo-a-la-coqueluche","status":"publish","type":"post","link":"https:\/\/jms.com.bo\/mediamonitor\/2023\/07\/28\/75-profesionales-del-hospital-de-ninos-mario-ortiz-dieron-positivo-a-la-coqueluche\/","title":{"rendered":"75 profesionales del Hospital de Ni\u00f1os Mario Ortiz dieron positivo a la coqueluche"},"content":{"rendered":"<p style=\"text-align: justify;\">De las 100 pruebas que se realizaron al personal que trabaja en el Hospital de Ni\u00f1os Mario Ortiz para detectar la enfermedad de la coqueluche, 75 dieron positivo. Carlos Hurtado, gerente de epidemiolog\u00eda del Servicio Departamental de Salud (Sedes), inform\u00f3 este jueves en conferencia de prensa que en el grupo afectado se encuentran m\u00e9dicos, enfermeras, auxiliares y personal administrativo.<\/p>\n<p style=\"text-align: justify;\">\u201cSe deben tomar acciones inmediatamente. Estamos enviando una nota al Ministerio de Salud para que nos puedan dotar de vacunas contra la coqueluche para el personal m\u00e9dico, que es el grupo m\u00e1s expuesto y el que m\u00e1s ha enfermado con esta patolog\u00eda\u201d, indic\u00f3 la autoridad.<\/p>\n<p style=\"text-align: justify;\">Asimismo, destac\u00f3 que las 23 personas del mismo hospital que presentaron s\u00edntomas de la enfermedad hace 14 d\u00edas, todas recibieron tratamiento m\u00e9dico y no presentaron ninguna complicaci\u00f3n.<\/p>\n<p style=\"text-align: justify;\">Vacunaci\u00f3n en los colegios y uso de barbijo<\/p>\n<p style=\"text-align: justify;\">Con el retorno a clases, luego del descanso pedag\u00f3gico, el Sedes retomar\u00e1 la campa\u00f1a de vacunaci\u00f3n en las unidades educativas del nivel inicial para inmunizar a los menores entre los 2 y 5 a\u00f1os. \u201cLa vacunaci\u00f3n sigue ralentizada, incluso en los municipios m\u00e1s afectados como Pail\u00f3n. No ha mejorado por la inasistencia de los padres de familia. Ya estamos trabajando en Cotoca y tenemos previsto hacerlo en La Guardia\u201d, sostuvo Hurtado.<\/p>\n<p style=\"text-align: justify;\">Otra medida de prevenci\u00f3n ser\u00e1 el uso obligatorio de barbijo en todos los servicios de salud. Ninguna persona podr\u00e1 ingresar si no lleva puesta correctamente la mascarilla. Tambi\u00e9n se exigir\u00e1 el uso de alcohol en gel y se recomienda a la poblaci\u00f3n mantener el distanciamiento social.<\/p>\n<p style=\"text-align: justify;\">Reporte de casos<\/p>\n<p style=\"text-align: justify;\">En la semana epidemiol\u00f3gica n\u00famero 30 se han registrado la mayor cantidad de casos, desde que inici\u00f3 el brote de la enfermedad de la coqueluche en el departamento cruce\u00f1o. Hurtado precis\u00f3 que se han contabilizado 121 casos positivos y que el nivel de la epidemia est\u00e1 a punto de ser elevado por el aumento de casos de los \u00faltimos d\u00edas.<\/p>\n<p style=\"text-align: justify;\">Seg\u00fan el reporte oficial, actualmente hay 23 personas internadas en la capital cruce\u00f1a, 6 se encuentran en el Hospital de Ni\u00f1os Mario Ortiz, de las cuales un menor est\u00e1 intubado, dos en la Unidad de Cuidados Intensivos (UCI) y tres en Sala General. En las provincias hay 9 personas que reciben cuidados en los hospitales.<\/p>\n<p style=\"text-align: justify;\">En tanto, ya son 11 nueve los municipios afectados con la enfermedad: Santa Cruz de la Sierra, Cotoca, Pail\u00f3n, Robor\u00e9, Puerto Su\u00e1rez, La Guardia, El Torno, Lagunillas, Montero, San Ignacio de Velasco y Puerto Su\u00e1rez.<\/p>\n<p style=\"text-align: justify;\">\n","protected":false},"excerpt":{"rendered":"<p>De las 100 pruebas que se realizaron al personal que trabaja en el Hospital de Ni\u00f1os Mario Ortiz para detectar la enfermedad de la coqueluche, 75 dieron positivo. Carlos Hurtado, gerente de epidemiolog\u00eda del Servicio Departamental de Salud (Sedes), inform\u00f3 este jueves en conferencia de prensa que en el grupo afectado se encuentran m\u00e9dicos, enfermeras, [&hellip;]<\/p>\n","protected":false},"author":4,"featured_media":55135,"comment_status":"open","ping_status":"closed","sticky":false,"template":"","format":"standard","meta":{"footnotes":""},"categories":[53],"tags":[],"class_list":{"0":"post-55134","1":"post","2":"type-post","3":"status-publish","4":"format-standard","5":"has-post-thumbnail","7":"category-salud"},"_links":{"self":[{"href":"https:\/\/jms.com.bo\/mediamonitor\/wp-json\/wp\/v2\/posts\/55134","targetHints":{"allow":["GET"]}}],"collection":[{"href":"https:\/\/jms.com.bo\/mediamonitor\/wp-json\/wp\/v2\/posts"}],"about":[{"href":"https:\/\/jms.com.bo\/mediamonitor\/wp-json\/wp\/v2\/types\/post"}],"author":[{"embeddable":true,"href":"https:\/\/jms.com.bo\/mediamonitor\/wp-json\/wp\/v2\/users\/4"}],"replies":[{"embeddable":true,"href":"https:\/\/jms.com.bo\/mediamonitor\/wp-json\/wp\/v2\/comments?post=55134"}],"version-history":[{"count":0,"href":"https:\/\/jms.com.bo\/mediamonitor\/wp-json\/wp\/v2\/posts\/55134\/revisions"}],"wp:featuredmedia":[{"embeddable":true,"href":"https:\/\/jms.com.bo\/mediamonitor\/wp-json\/wp\/v2\/media\/55135"}],"wp:attachment":[{"href":"https:\/\/jms.com.bo\/mediamonitor\/wp-json\/wp\/v2\/media?parent=55134"}],"wp:term":[{"taxonomy":"category","embeddable":true,"href":"https:\/\/jms.com.bo\/mediamonitor\/wp-json\/wp\/v2\/categories?post=55134"},{"taxonomy":"post_tag","embeddable":true,"href":"https:\/\/jms.com.bo\/mediamonitor\/wp-json\/wp\/v2\/tags?post=55134"}],"curies":[{"name":"wp","href":"https:\/\/api.w.org\/{rel}","templated":true}]}}