{"id":55136,"date":"2023-07-28T06:33:59","date_gmt":"2023-07-28T10:33:59","guid":{"rendered":"https:\/\/jms.com.bo\/mediamonitor\/2023\/07\/28\/ministerio-de-salud-envia-brigadas-medicas-a-santa-cruz-para-combatir-la-coqueluche\/"},"modified":"2023-07-28T06:33:59","modified_gmt":"2023-07-28T10:33:59","slug":"ministerio-de-salud-envia-brigadas-medicas-a-santa-cruz-para-combatir-la-coqueluche","status":"publish","type":"post","link":"https:\/\/jms.com.bo\/mediamonitor\/2023\/07\/28\/ministerio-de-salud-envia-brigadas-medicas-a-santa-cruz-para-combatir-la-coqueluche\/","title":{"rendered":"Ministerio de Salud env\u00eda brigadas m\u00e9dicas a Santa Cruz para combatir la coqueluche"},"content":{"rendered":"<p style=\"text-align: justify;\">Brigadas m\u00e9dicas del Ministerio de Salud, junto al nuevo viceministro, Max Enr\u00edquez, se trasladar\u00e1n a Santa Cruz para realizar una intervenci\u00f3n para la prevenci\u00f3n de la coqueluche o tosferina, anunci\u00f3 la titular de esa cartera de Estado, Mar\u00eda Ren\u00e9e Castro.<\/p>\n<p style=\"text-align: justify;\">Un total de 23 equipos de respuesta r\u00e1pida con 115 brigadas m\u00e9dicas se desplazar\u00e1n por los municipios con m\u00e1s casos de coqueluche en el departamento cruce\u00f1o; empezar\u00e1n por la capital cruce\u00f1a, que es la que concentra 309 infecciones, seg\u00fan Castro.<\/p>\n<p style=\"text-align: justify;\">En Bolivia, los casos acumulados de coqueluche suman 596, de los cuales 186 est\u00e1n activos. La ministra de Salud expres\u00f3 su preocupaci\u00f3n porque el pasado mi\u00e9rcoles fue el d\u00eda con m\u00e1s infecciones registradas en un solo d\u00eda, 99 en total. De estos pacientes, 21 correspond\u00edan a ni\u00f1os menores de 5 a\u00f1os, que contrajeron la tosferina.<\/p>\n<p style=\"text-align: justify;\">Castro indic\u00f3 que la Estrategia de intervenci\u00f3n y prevenci\u00f3n de la tosferina se efectuar\u00e1 en dos \u00e1reas: la de la vigilancia epidemiol\u00f3gica pasiva, que tiene que ver con el manejo cl\u00ednica en el primer y segundo nivel de salud, y la vigilancia epidemiol\u00f3gica activa, en la que los equipos de respuesta r\u00e1pida buscar\u00e1n casos sospechosos de coqueluche y los notificar\u00e1n para su atenci\u00f3n en centros de salud; pero tambi\u00e9n vacunar\u00e1n a quienes no est\u00e9n inmunizados.<\/p>\n<p style=\"text-align: justify;\">Dado que, en 2022 el Ministerio de Salud declar\u00f3 alerta epidemiol\u00f3gica por coqueluche o tosferina, record\u00f3 Castro, los tiempos para administrar las dosis de esta vacuna han cambiado un poco, a lo que la ministra llam\u00f3 vacunaci\u00f3n acortada.<\/p>\n<p style=\"text-align: justify;\">Si antes las dosis de esta vacuna se aplicaban a los dos, cuatro, 18 meses y 4 a\u00f1os de los ni\u00f1os, ahora las tres primeras dosis se administrar\u00e1n a las dos, 10 y 14 semanas; las \u00faltimas dos se mantienen. Castro manifest\u00f3 que se han distribuido vacunas suficientes para inmunizar a la poblaci\u00f3n.<\/p>\n<p style=\"text-align: justify;\">El viceministro Enr\u00edquez iniciar\u00e1 sus labores en Santa Cruz desde este viernes. Seg\u00fan indic\u00f3, el departamento tiene una cobertura de vacunaci\u00f3n de 31,2%, la que debe superar, al menos el 50%.<\/p>\n","protected":false},"excerpt":{"rendered":"<p>Brigadas m\u00e9dicas del Ministerio de Salud, junto al nuevo viceministro, Max Enr\u00edquez, se trasladar\u00e1n a Santa Cruz para realizar una intervenci\u00f3n para la prevenci\u00f3n de la coqueluche o tosferina, anunci\u00f3 la titular de esa cartera de Estado, Mar\u00eda Ren\u00e9e Castro. Un total de 23 equipos de respuesta r\u00e1pida con 115 brigadas m\u00e9dicas se desplazar\u00e1n por [&hellip;]<\/p>\n","protected":false},"author":4,"featured_media":55137,"comment_status":"open","ping_status":"closed","sticky":false,"template":"","format":"standard","meta":{"footnotes":""},"categories":[53],"tags":[],"class_list":{"0":"post-55136","1":"post","2":"type-post","3":"status-publish","4":"format-standard","5":"has-post-thumbnail","7":"category-salud"},"_links":{"self":[{"href":"https:\/\/jms.com.bo\/mediamonitor\/wp-json\/wp\/v2\/posts\/55136","targetHints":{"allow":["GET"]}}],"collection":[{"href":"https:\/\/jms.com.bo\/mediamonitor\/wp-json\/wp\/v2\/posts"}],"about":[{"href":"https:\/\/jms.com.bo\/mediamonitor\/wp-json\/wp\/v2\/types\/post"}],"author":[{"embeddable":true,"href":"https:\/\/jms.com.bo\/mediamonitor\/wp-json\/wp\/v2\/users\/4"}],"replies":[{"embeddable":true,"href":"https:\/\/jms.com.bo\/mediamonitor\/wp-json\/wp\/v2\/comments?post=55136"}],"version-history":[{"count":0,"href":"https:\/\/jms.com.bo\/mediamonitor\/wp-json\/wp\/v2\/posts\/55136\/revisions"}],"wp:featuredmedia":[{"embeddable":true,"href":"https:\/\/jms.com.bo\/mediamonitor\/wp-json\/wp\/v2\/media\/55137"}],"wp:attachment":[{"href":"https:\/\/jms.com.bo\/mediamonitor\/wp-json\/wp\/v2\/media?parent=55136"}],"wp:term":[{"taxonomy":"category","embeddable":true,"href":"https:\/\/jms.com.bo\/mediamonitor\/wp-json\/wp\/v2\/categories?post=55136"},{"taxonomy":"post_tag","embeddable":true,"href":"https:\/\/jms.com.bo\/mediamonitor\/wp-json\/wp\/v2\/tags?post=55136"}],"curies":[{"name":"wp","href":"https:\/\/api.w.org\/{rel}","templated":true}]}}