{"id":55140,"date":"2023-07-28T06:37:59","date_gmt":"2023-07-28T10:37:59","guid":{"rendered":"https:\/\/jms.com.bo\/mediamonitor\/2023\/07\/28\/bloqueos-en-oriente-muestran-incapacidad-de-solucion-mediante-el-dialogo-entre-partes\/"},"modified":"2023-07-28T06:37:59","modified_gmt":"2023-07-28T10:37:59","slug":"bloqueos-en-oriente-muestran-incapacidad-de-solucion-mediante-el-dialogo-entre-partes","status":"publish","type":"post","link":"https:\/\/jms.com.bo\/mediamonitor\/2023\/07\/28\/bloqueos-en-oriente-muestran-incapacidad-de-solucion-mediante-el-dialogo-entre-partes\/","title":{"rendered":"Bloqueos en oriente muestran incapacidad de soluci\u00f3n mediante el di\u00e1logo entre partes"},"content":{"rendered":"<p style=\"text-align: justify;\">Ante los bloqueos de carreteras por sectores campesinos en Santa Cruz, el gerente General del Instituto Boliviano de Comercio Exterior (Ibce), Gary Rodr\u00edguez, mostr\u00f3 la preocupaci\u00f3n de los productores por la escalada de conflictos sociales que se van dando en el pa\u00eds, que afecta absolutamente a todos los bolivianos.<\/p>\n<p style=\"text-align: justify;\">Se extra\u00f1o por la cantidad de bloqueos en Santa Cruz, cosa que nunca que se habr\u00eda presentado, pues siempre la soluci\u00f3n a las demandas vino mediante el di\u00e1logo.<\/p>\n<p style=\"text-align: justify;\">\nPUBLICIDAD<br \/>\nRecordemos que la protesta se origina por demanda de carreteras, y el gobierno se suma con la declaraci\u00f3n de que ellos financian el 70% y el resto la Gobernaci\u00f3n, sin embargo, varias regiones del pa\u00eds priorizan otros proyectos, debido a la falta de recursos, a pesar del cr\u00e9dito que otorga la administraci\u00f3n de Estado.<\/p>\n<p style=\"text-align: justify;\">Para Rodr\u00edguez el bloqueo solo es la manifestaci\u00f3n de la incapacidad por resolver los temas mediante la v\u00eda del di\u00e1logo. \u201cLas diferencias deber\u00edan resolverse mediante la fuerza de la raz\u00f3n, porque la protesta s\u00f3lo perjudica al productor, importador, exportador y a todos los ciudadanos\u201d, agreg\u00f3.<\/p>\n<p style=\"text-align: justify;\">Pero tambi\u00e9n dijo que los bloqueos tienen un impacto econ\u00f3mico a nivel internacional, ya que muestra que el pa\u00eds no puede resolver por la v\u00eda del di\u00e1logo sus diferencias.<\/p>\n<p style=\"text-align: justify;\">La cultura del bloqueo deja muchas p\u00e9rdidas econ\u00f3micas a los productores y al pa\u00eds, pues el tr\u00e1nsito de mercader\u00eda y productos se paraliza y se pierden mercados nacionales e internacionales.<\/p>\n","protected":false},"excerpt":{"rendered":"<p>Ante los bloqueos de carreteras por sectores campesinos en Santa Cruz, el gerente General del Instituto Boliviano de Comercio Exterior (Ibce), Gary Rodr\u00edguez, mostr\u00f3 la preocupaci\u00f3n de los productores por la escalada de conflictos sociales que se van dando en el pa\u00eds, que afecta absolutamente a todos los bolivianos. Se extra\u00f1o por la cantidad de [&hellip;]<\/p>\n","protected":false},"author":4,"featured_media":55141,"comment_status":"open","ping_status":"closed","sticky":false,"template":"","format":"standard","meta":{"footnotes":""},"categories":[49],"tags":[],"class_list":{"0":"post-55140","1":"post","2":"type-post","3":"status-publish","4":"format-standard","5":"has-post-thumbnail","7":"category-social"},"_links":{"self":[{"href":"https:\/\/jms.com.bo\/mediamonitor\/wp-json\/wp\/v2\/posts\/55140","targetHints":{"allow":["GET"]}}],"collection":[{"href":"https:\/\/jms.com.bo\/mediamonitor\/wp-json\/wp\/v2\/posts"}],"about":[{"href":"https:\/\/jms.com.bo\/mediamonitor\/wp-json\/wp\/v2\/types\/post"}],"author":[{"embeddable":true,"href":"https:\/\/jms.com.bo\/mediamonitor\/wp-json\/wp\/v2\/users\/4"}],"replies":[{"embeddable":true,"href":"https:\/\/jms.com.bo\/mediamonitor\/wp-json\/wp\/v2\/comments?post=55140"}],"version-history":[{"count":0,"href":"https:\/\/jms.com.bo\/mediamonitor\/wp-json\/wp\/v2\/posts\/55140\/revisions"}],"wp:featuredmedia":[{"embeddable":true,"href":"https:\/\/jms.com.bo\/mediamonitor\/wp-json\/wp\/v2\/media\/55141"}],"wp:attachment":[{"href":"https:\/\/jms.com.bo\/mediamonitor\/wp-json\/wp\/v2\/media?parent=55140"}],"wp:term":[{"taxonomy":"category","embeddable":true,"href":"https:\/\/jms.com.bo\/mediamonitor\/wp-json\/wp\/v2\/categories?post=55140"},{"taxonomy":"post_tag","embeddable":true,"href":"https:\/\/jms.com.bo\/mediamonitor\/wp-json\/wp\/v2\/tags?post=55140"}],"curies":[{"name":"wp","href":"https:\/\/api.w.org\/{rel}","templated":true}]}}