{"id":55142,"date":"2023-07-28T06:39:45","date_gmt":"2023-07-28T10:39:45","guid":{"rendered":"https:\/\/jms.com.bo\/mediamonitor\/2023\/07\/28\/mineros-auriferos-piden-rezonificar-areas-protegidas-y-advierten-con-movilizaciones\/"},"modified":"2023-07-28T06:39:45","modified_gmt":"2023-07-28T10:39:45","slug":"mineros-auriferos-piden-rezonificar-areas-protegidas-y-advierten-con-movilizaciones","status":"publish","type":"post","link":"https:\/\/jms.com.bo\/mediamonitor\/2023\/07\/28\/mineros-auriferos-piden-rezonificar-areas-protegidas-y-advierten-con-movilizaciones\/","title":{"rendered":"Mineros aur\u00edferos piden rezonificar \u00e1reas protegidas y advierten con movilizaciones"},"content":{"rendered":"<p style=\"text-align: justify;\">Los mineros aur\u00edferos dieron un plazo al gobierno de Luis Arce, hasta el 21 de agosto, para atender sus demandas, caso contrario comenzar\u00e1n a movilizarse. Entre sus exigencias est\u00e1 la rezonificaci\u00f3n de las \u00e1reas protegidas en el norte boliviano para extender y permitir la extracci\u00f3n de oro en lugares prohibidos por ley.<\/p>\n<p style=\"text-align: justify;\">\u201cEstamos pidiendo la rezonificaci\u00f3n de \u00e1reas mineras preconstituidas en el sector de Apolo, Tuichi, Cocapata. Se tiene que hacer una nueva rezonificaci\u00f3n, pero en campo\u201d, dijo ayer el presidente de la Federaci\u00f3n de Cooperativas Aur\u00edferas del Norte de La Paz, Ramiro Balmaceda.<\/p>\n<p style=\"text-align: justify;\">\u201cSeguramente, con la rezonificaci\u00f3n, se puede entrar en acuerdos para que nuestras cooperativas hagan una miner\u00eda responsable\u201d, a\u00f1adi\u00f3 el dirigente.<\/p>\n<p style=\"text-align: justify;\">En los \u00faltimos a\u00f1os, los l\u00edderes ind\u00edgenas y organismos sin fines de lucro denunciaron que el Servicio Nacional de \u00c1reas Protegidas (Sernap) rezonific\u00f3 parques nacionales para permitir actividades extractivas. Cada vez, las zonas de protecci\u00f3n estrictas son m\u00e1s reducidas.<\/p>\n<p style=\"text-align: justify;\">Los sectores de Apolo y Tuichi se encuentran en el Parque Nacional Madidi, donde ya se ha detectado miner\u00eda ilegal, sin que las autoridades puedan detenerla.<\/p>\n<p style=\"text-align: justify;\">El dirigente de la Federaci\u00f3n Regional de Cooperativas Mineras Aur\u00edferas (Ferreco), Valerio Villca, dijo que la rezonificaci\u00f3n es urgente debido a que los tr\u00e1mites de adecuaci\u00f3n de muchas cooperativas est\u00e1n estancados, por lo que operan en la ilegalidad.<\/p>\n<p style=\"text-align: justify;\">\u201cNosotros generamos empleos, desarrollo econ\u00f3mico. Somos un pa\u00eds tradicionalmente minero, por eso, tenemos que llevar adelante la rezonificaci\u00f3n\u201d, dijo.<\/p>\n<p style=\"text-align: justify;\">Las exportaciones de oro en 2022 superaron en valor a las de hidrocarburos, alcanzado los 3.003 millones de d\u00f3lares, seg\u00fan datos del NE. Miles de personas se sustenta con esta actividad. Sin embargo, el impacto ambiental es muy alto.<\/p>\n<p style=\"text-align: justify;\">Balmaceda dijo que su sector es \u201cresponsable en parte\u201d de los desastres ambientales ocasionados en la Amazonia, por lo que est\u00e1n abiertos a aplicar tecnolog\u00edas menos da\u00f1inas.<\/p>\n<p style=\"text-align: justify;\">\u201cQueremos reemplazar el mercurio, pero no vemos pol\u00edticas por parte del Gobierno\u201d, se\u00f1al\u00f3.<\/p>\n<p style=\"text-align: justify;\">La Fecmabol ampl\u00eda sus filas con Potos\u00ed<\/p>\n<p style=\"text-align: justify;\">La Federaci\u00f3n de Cooperativas Mineras Aur\u00edferas de Bolivia (Fecmabol) firm\u00f3 ayer un acuerdo de unidad con la Ferrecomin Potos\u00ed. De esta manera, ampli\u00f3 sus filas, pues ya contaba con el respaldo de Ferreco, Fecoman y Ferrecomin Integral La Paz.<\/p>\n<p style=\"text-align: justify;\">\n","protected":false},"excerpt":{"rendered":"<p>Los mineros aur\u00edferos dieron un plazo al gobierno de Luis Arce, hasta el 21 de agosto, para atender sus demandas, caso contrario comenzar\u00e1n a movilizarse. Entre sus exigencias est\u00e1 la rezonificaci\u00f3n de las \u00e1reas protegidas en el norte boliviano para extender y permitir la extracci\u00f3n de oro en lugares prohibidos por ley. \u201cEstamos pidiendo la [&hellip;]<\/p>\n","protected":false},"author":4,"featured_media":55143,"comment_status":"open","ping_status":"closed","sticky":false,"template":"","format":"standard","meta":{"footnotes":""},"categories":[49],"tags":[],"class_list":{"0":"post-55142","1":"post","2":"type-post","3":"status-publish","4":"format-standard","5":"has-post-thumbnail","7":"category-social"},"_links":{"self":[{"href":"https:\/\/jms.com.bo\/mediamonitor\/wp-json\/wp\/v2\/posts\/55142","targetHints":{"allow":["GET"]}}],"collection":[{"href":"https:\/\/jms.com.bo\/mediamonitor\/wp-json\/wp\/v2\/posts"}],"about":[{"href":"https:\/\/jms.com.bo\/mediamonitor\/wp-json\/wp\/v2\/types\/post"}],"author":[{"embeddable":true,"href":"https:\/\/jms.com.bo\/mediamonitor\/wp-json\/wp\/v2\/users\/4"}],"replies":[{"embeddable":true,"href":"https:\/\/jms.com.bo\/mediamonitor\/wp-json\/wp\/v2\/comments?post=55142"}],"version-history":[{"count":0,"href":"https:\/\/jms.com.bo\/mediamonitor\/wp-json\/wp\/v2\/posts\/55142\/revisions"}],"wp:featuredmedia":[{"embeddable":true,"href":"https:\/\/jms.com.bo\/mediamonitor\/wp-json\/wp\/v2\/media\/55143"}],"wp:attachment":[{"href":"https:\/\/jms.com.bo\/mediamonitor\/wp-json\/wp\/v2\/media?parent=55142"}],"wp:term":[{"taxonomy":"category","embeddable":true,"href":"https:\/\/jms.com.bo\/mediamonitor\/wp-json\/wp\/v2\/categories?post=55142"},{"taxonomy":"post_tag","embeddable":true,"href":"https:\/\/jms.com.bo\/mediamonitor\/wp-json\/wp\/v2\/tags?post=55142"}],"curies":[{"name":"wp","href":"https:\/\/api.w.org\/{rel}","templated":true}]}}