{"id":55440,"date":"2023-08-02T06:40:59","date_gmt":"2023-08-02T10:40:59","guid":{"rendered":"https:\/\/jms.com.bo\/mediamonitor\/2023\/08\/02\/fallo-no-llego-a-la-asamblea-mas-anuncia-procesos-a-magistrados\/"},"modified":"2023-08-02T06:40:59","modified_gmt":"2023-08-02T10:40:59","slug":"fallo-no-llego-a-la-asamblea-mas-anuncia-procesos-a-magistrados","status":"publish","type":"post","link":"https:\/\/jms.com.bo\/mediamonitor\/2023\/08\/02\/fallo-no-llego-a-la-asamblea-mas-anuncia-procesos-a-magistrados\/","title":{"rendered":"Fallo no lleg\u00f3 a la Asamblea; MAS anuncia procesos a magistrados"},"content":{"rendered":"<p style=\"text-align: justify;\">La Comisi\u00f3n Mixta de Constituci\u00f3n de la Asamblea Legislativa ingres\u00f3 ayer en cuarto intermedio hasta recibir la notificaci\u00f3n \u201coficial\u201d sobre el fallo del Tribunal Constitucional Plurinacional (TCP). Asamble\u00edstas del oficialismo anunciaron procesos a los magistrados.<\/p>\n<p style=\"text-align: justify;\">Con el qu\u00f3rum reglamentario, la Comisi\u00f3n Mixta comenz\u00f3 ayer su sexta sesi\u00f3n ordinaria para analizar el decisi\u00f3n que emiti\u00f3 el TCP declarando inconstitucionales el reglamento y la convocatoria de preselecci\u00f3n de candidatos para las elecciones judiciales. Sin embargo, minutos m\u00e1s tarde ingres\u00f3 en cuarto intermedio por la falta de notificaci\u00f3n del dictamen emitido.<\/p>\n<p style=\"text-align: justify;\">La presidenta de la Comisi\u00f3n Mixta, la senadora Patricia Arce, del Movimiento Al Socialismo (MAS), reproch\u00f3 la forma de actuar de los magistrados del TCP, a quienes apunto de no realizar la correspondiente notificaci\u00f3n tras el fallo.<\/p>\n<p style=\"text-align: justify;\">Golpe<\/p>\n<p style=\"text-align: justify;\">\u201cNosotros esperando ayer (el fallo) \u2026 (Los magistrados) salen en la ma\u00f1ana, dan su conferencia de prensa, leen todo lo que dice el fallo y hasta el d\u00eda de hoy (ayer) no notifican. Lo que pretenden hacer con todo esto es dilatar (\u2026) Esto es un golpe m\u00e1s a la democracia y a la institucionalidad en la Justicia\u201d, se\u00f1al\u00f3 a los medios de prensa.<\/p>\n<p style=\"text-align: justify;\">Reiter\u00f3 que el \u201cgolpe\u201d dado por los magistrados es al \u00d3rgano Judicial, debido a que \u201cquieren\u201d perpetrarse en sus cargos. \u201c\u00bfCon qu\u00e9 ley han sido electos? \u00bfCu\u00e1l es la ley, cu\u00e1l es el reglamento?\u201d, se pregunt\u00f3 la senadora, e indic\u00f3 que los actuales magistrados del TCP fueron electos por un reglamento y que la ley vino posteriormente para \u201cotra cosa\u201d.<\/p>\n<p style=\"text-align: justify;\">El diputado del MAS Juan Jos\u00e9 J\u00e1uregui inform\u00f3 que como c\u00e1mara no pueden iniciar un trabajo de esta naturaleza simplemente con informaci\u00f3n extraoficial, no formal.<\/p>\n<p style=\"text-align: justify;\">\u201cEstamos atados de manos, por tratarse de la Asamblea Legislativa no podemos iniciar un trabajo de esta naturaleza, lo formal es que sea notificado el presidente de la Asamblea (David Choquehuanca), como parte de este proceso, y luego \u00e9l, a trav\u00e9s de una nota, comunique a la Comisi\u00f3n Mixta para qua analicemos cu\u00e1l es la ruta que debemos seguir adelante\u201d, sostuvo.<\/p>\n<p style=\"text-align: justify;\">Complement\u00f3 que si la ruta que marca la sentencia 060\/2023 del TCP es tratar un proyecto de ley conforme al art\u00edculo 163 de la Constituci\u00f3n Pol\u00edtica del Estado, ser\u00eda inapropiado continuar con la vigencia de la Comisi\u00f3n Mixta y, en consecuencia, el nuevo proyecto se deber\u00eda tratar por c\u00e1mara de origen y c\u00e1mara de representantes.<\/p>\n<p style=\"text-align: justify;\">\u201cFormalmente no conocemos, por eso que hemos planteado algo real y algo salom\u00f3nico porque, en realidad, hasta no conocer (la sentencia del TCP), c\u00f3mo yo puedo tomar una decisi\u00f3n\u201d, reiter\u00f3 Jauregui.<\/p>\n<p style=\"text-align: justify;\">Eso no fue todo. La senadora Arce indic\u00f3 que iniciar\u00e1n un proceso ordinario y un juicio de responsabilidades contra los magistrados del TCP, debido a la actitud asumida luego de emitir su sentencia, despu\u00e9s de 45 d\u00edas de espera.<\/p>\n<p style=\"text-align: justify;\">\u201cNosotros lo que vamos a hacer (es) iniciar un proceso ordinario y tambi\u00e9n un juicio de responsabilidades. Vamos a iniciarlo porque la actitud del Tribunal Constitucional, de la manera como est\u00e1 actuando, creo que no es loable\u201d, argument\u00f3 la asamble\u00edsta.<\/p>\n<p style=\"text-align: justify;\">El proceso de preselecci\u00f3n de candidatos a autoridades para el Tribunal Supremo de Justicia, el Tribunal Constituci\u00f3n Plurinacional, el Tribunal Agroambiental y el Consejo de la Magistratura est\u00e1 paralizado desde el 28 de abril, tras una acci\u00f3n de inconstitucionalidad abstracta presentada por el diputado de Creemos Leonardo Ayala.<\/p>\n<p style=\"text-align: justify;\">Ayala aleg\u00f3 que la Sala Constitucional de Beni observ\u00f3 el reglamento de preselecci\u00f3n en su totalidad y que los asamble\u00edstas elaboraron uno nuevo, cuando lo que correspond\u00eda era una ley, como sucedi\u00f3 en 2017 con la Ley 960 Transitoria. Adem\u00e1s, demand\u00f3 que el criterio de la aprobaci\u00f3n por dos tercios sea aplicado en todas las labores procedimentales del proceso.<\/p>\n<p style=\"text-align: justify;\">Sobre la amenaza contra los integrantes del TCP, el diputado del MAS Ren\u00e1n Cabezas advirti\u00f3 tambi\u00e9n con un juicio de responsabilidades por la emisi\u00f3n de una sentencia que insta a aprobar por dos tercios todo lo concerniente a los comicios, cuando el reglamento con el que ellos fueron electos fue por simple mayor\u00eda.<\/p>\n<p style=\"text-align: justify;\">Precedente<\/p>\n<p style=\"text-align: justify;\">\u201cEstos magistrados van a tener que rendir cuentas en un futuro pr\u00f3ximo. Vamos a activar un juicio de responsabilidades. Queremos sentar un precedente para que nunca m\u00e1s un magistrado, un operador de justicia se burle del pueblo e incumpla la Constituci\u00f3n\u201d, dijo Cabezas.<\/p>\n<p style=\"text-align: justify;\">El diputado del MAS Freddy L\u00f3pez pidi\u00f3 la conformaci\u00f3n de una comisi\u00f3n que investigue y fiscalice a los magistrados del TCP, a quienes acus\u00f3 de querer quedarse en sus cargos m\u00e1s all\u00e1 de este a\u00f1o.<\/p>\n<p style=\"text-align: justify;\">\u201cLa Asamblea Legislativa va a pedir una comisi\u00f3n mixta a trav\u00e9s de diputados y senadores, para que se pueda investigar y fiscalizar a estos magistrados que quieren alargarse, quieren quedarse dentro el trabajo de la Justicia que hoy por hoy no tiene respuesta\u201d, se\u00f1al\u00f3.<\/p>\n","protected":false},"excerpt":{"rendered":"<p>La Comisi\u00f3n Mixta de Constituci\u00f3n de la Asamblea Legislativa ingres\u00f3 ayer en cuarto intermedio hasta recibir la notificaci\u00f3n \u201coficial\u201d sobre el fallo del Tribunal Constitucional Plurinacional (TCP). Asamble\u00edstas del oficialismo anunciaron procesos a los magistrados. Con el qu\u00f3rum reglamentario, la Comisi\u00f3n Mixta comenz\u00f3 ayer su sexta sesi\u00f3n ordinaria para analizar el decisi\u00f3n que emiti\u00f3 el [&hellip;]<\/p>\n","protected":false},"author":4,"featured_media":55441,"comment_status":"open","ping_status":"closed","sticky":false,"template":"","format":"standard","meta":{"footnotes":""},"categories":[18,48,46],"tags":[],"class_list":{"0":"post-55440","1":"post","2":"type-post","3":"status-publish","4":"format-standard","5":"has-post-thumbnail","7":"category-politica","8":"category-portada-general-sitio","9":"category-portada-politica"},"_links":{"self":[{"href":"https:\/\/jms.com.bo\/mediamonitor\/wp-json\/wp\/v2\/posts\/55440","targetHints":{"allow":["GET"]}}],"collection":[{"href":"https:\/\/jms.com.bo\/mediamonitor\/wp-json\/wp\/v2\/posts"}],"about":[{"href":"https:\/\/jms.com.bo\/mediamonitor\/wp-json\/wp\/v2\/types\/post"}],"author":[{"embeddable":true,"href":"https:\/\/jms.com.bo\/mediamonitor\/wp-json\/wp\/v2\/users\/4"}],"replies":[{"embeddable":true,"href":"https:\/\/jms.com.bo\/mediamonitor\/wp-json\/wp\/v2\/comments?post=55440"}],"version-history":[{"count":0,"href":"https:\/\/jms.com.bo\/mediamonitor\/wp-json\/wp\/v2\/posts\/55440\/revisions"}],"wp:featuredmedia":[{"embeddable":true,"href":"https:\/\/jms.com.bo\/mediamonitor\/wp-json\/wp\/v2\/media\/55441"}],"wp:attachment":[{"href":"https:\/\/jms.com.bo\/mediamonitor\/wp-json\/wp\/v2\/media?parent=55440"}],"wp:term":[{"taxonomy":"category","embeddable":true,"href":"https:\/\/jms.com.bo\/mediamonitor\/wp-json\/wp\/v2\/categories?post=55440"},{"taxonomy":"post_tag","embeddable":true,"href":"https:\/\/jms.com.bo\/mediamonitor\/wp-json\/wp\/v2\/tags?post=55440"}],"curies":[{"name":"wp","href":"https:\/\/api.w.org\/{rel}","templated":true}]}}