{"id":55452,"date":"2023-08-02T06:51:20","date_gmt":"2023-08-02T10:51:20","guid":{"rendered":"https:\/\/jms.com.bo\/mediamonitor\/2023\/08\/02\/invierten-bs-662-millones-y-la-cobertura-de-energia-rural-llega-al-842-al-2025-la-meta-es-alcanzar-el-95\/"},"modified":"2023-08-02T06:51:20","modified_gmt":"2023-08-02T10:51:20","slug":"invierten-bs-662-millones-y-la-cobertura-de-energia-rural-llega-al-842-al-2025-la-meta-es-alcanzar-el-95","status":"publish","type":"post","link":"https:\/\/jms.com.bo\/mediamonitor\/2023\/08\/02\/invierten-bs-662-millones-y-la-cobertura-de-energia-rural-llega-al-842-al-2025-la-meta-es-alcanzar-el-95\/","title":{"rendered":"Invierten Bs 662 millones y la cobertura de energ\u00eda rural llega al 84,2%, al 2025 la meta es alcanzar el 95%"},"content":{"rendered":"<p style=\"text-align: justify;\">Con una inversi\u00f3n de Bs 662 millones, se logr\u00f3 la electrificaci\u00f3n del 84,2% de las zonas rurales de Bolivia y hasta el 2025 se traz\u00f3 la meta de llegar al 95%, por lo que se gestiona financiamiento para dotar de energ\u00eda el\u00e9ctrica a las comunidades alejadas y cercanas a las fronteras, inform\u00f3 el viceministro de Electricidad y Energ\u00edas Renovables, Edgar Caero.<\/p>\n<p style=\"text-align: justify;\">La cobertura se la hizo a trav\u00e9s de proyectos como la extensi\u00f3n del tendido de l\u00edneas de media y baja de tensi\u00f3n y la entrega de paneles solares y de kits fotovoltaicos.<\/p>\n<p style=\"text-align: justify;\">\u201cAl a\u00f1o 2025 la cobertura debe alcanzar el 95% del \u00e1rea rural. Hay trabajos muy importantes, nosotros vamos invirtiendo y buscando cr\u00e9ditos para llegar con energ\u00eda el\u00e9ctrica a todos estos lugares que est\u00e1n m\u00e1s alejados, ahora, realmente, nos acercamos a las fronteras\u201d, explic\u00f3 en Bolivia Tv.<\/p>\n<p style=\"text-align: justify;\">Desde 2008 est\u00e1 en ejecuci\u00f3n el Programa Electricidad para Vivir con Dignidad (PEVD) que, justamente, busca universalizar el acceso a la energ\u00eda el\u00e9ctrica como un factor de desarrollo y mejora de la calidad de vida de los bolivianos.<\/p>\n<p style=\"text-align: justify;\">Caero destac\u00f3 que se llev\u00f3 energ\u00eda el\u00e9ctrica a 775 postas sanitarias y peque\u00f1as escuelitas que se encuentran en comunidades alejados de los centros urbanos.<\/p>\n<p style=\"text-align: justify;\">Si hasta el 2025 se apunta a ampliar la cobertura al 95% de beneficiarios rurales, al 2030 la meta como Bolivia es cubrir el 100% de beneficiarios.<\/p>\n","protected":false},"excerpt":{"rendered":"<p>Con una inversi\u00f3n de Bs 662 millones, se logr\u00f3 la electrificaci\u00f3n del 84,2% de las zonas rurales de Bolivia y hasta el 2025 se traz\u00f3 la meta de llegar al 95%, por lo que se gestiona financiamiento para dotar de energ\u00eda el\u00e9ctrica a las comunidades alejadas y cercanas a las fronteras, inform\u00f3 el viceministro de [&hellip;]<\/p>\n","protected":false},"author":4,"featured_media":55453,"comment_status":"open","ping_status":"closed","sticky":false,"template":"","format":"standard","meta":{"footnotes":""},"categories":[39],"tags":[],"class_list":{"0":"post-55452","1":"post","2":"type-post","3":"status-publish","4":"format-standard","5":"has-post-thumbnail","7":"category-energia"},"_links":{"self":[{"href":"https:\/\/jms.com.bo\/mediamonitor\/wp-json\/wp\/v2\/posts\/55452","targetHints":{"allow":["GET"]}}],"collection":[{"href":"https:\/\/jms.com.bo\/mediamonitor\/wp-json\/wp\/v2\/posts"}],"about":[{"href":"https:\/\/jms.com.bo\/mediamonitor\/wp-json\/wp\/v2\/types\/post"}],"author":[{"embeddable":true,"href":"https:\/\/jms.com.bo\/mediamonitor\/wp-json\/wp\/v2\/users\/4"}],"replies":[{"embeddable":true,"href":"https:\/\/jms.com.bo\/mediamonitor\/wp-json\/wp\/v2\/comments?post=55452"}],"version-history":[{"count":0,"href":"https:\/\/jms.com.bo\/mediamonitor\/wp-json\/wp\/v2\/posts\/55452\/revisions"}],"wp:featuredmedia":[{"embeddable":true,"href":"https:\/\/jms.com.bo\/mediamonitor\/wp-json\/wp\/v2\/media\/55453"}],"wp:attachment":[{"href":"https:\/\/jms.com.bo\/mediamonitor\/wp-json\/wp\/v2\/media?parent=55452"}],"wp:term":[{"taxonomy":"category","embeddable":true,"href":"https:\/\/jms.com.bo\/mediamonitor\/wp-json\/wp\/v2\/categories?post=55452"},{"taxonomy":"post_tag","embeddable":true,"href":"https:\/\/jms.com.bo\/mediamonitor\/wp-json\/wp\/v2\/tags?post=55452"}],"curies":[{"name":"wp","href":"https:\/\/api.w.org\/{rel}","templated":true}]}}