{"id":55530,"date":"2023-08-03T06:23:44","date_gmt":"2023-08-03T10:23:44","guid":{"rendered":"https:\/\/jms.com.bo\/mediamonitor\/2023\/08\/03\/aguilera-planeaba-asumir-el-cargo-y-asi-consolidar-el-objetivo-del-golpe-masista\/"},"modified":"2023-08-03T06:23:44","modified_gmt":"2023-08-03T10:23:44","slug":"aguilera-planeaba-asumir-el-cargo-y-asi-consolidar-el-objetivo-del-golpe-masista","status":"publish","type":"post","link":"https:\/\/jms.com.bo\/mediamonitor\/2023\/08\/03\/aguilera-planeaba-asumir-el-cargo-y-asi-consolidar-el-objetivo-del-golpe-masista\/","title":{"rendered":"\u201cAguilera planeaba asumir el cargo y as\u00ed consolidar el objetivo del golpe masista\u201d"},"content":{"rendered":"<p style=\"text-align: justify;\">Algunos funcionarios de Gobierno se refirieron de forma despectiva a su estado de salud. \u00bfQu\u00e9 opina?<br \/>\nEs la forma de actuar del masismo. Tratan de desviar la atenci\u00f3n de los temas importantes y recurren al insulto. Lo que estamos viviendo nunca se vio en 40 a\u00f1os de democracia, hay m\u00e1s de 200 ciudadanos presos y m\u00e1s de 1.000 perseguidos y exiliados por razones pol\u00edticas. Esto ya no es un gobierno que se maneja dentro del respeto a la democracia. Y por supuesto una manera de justificar sus atropellos es adjetivar y denigrar a los presos pol\u00edticos. Es un m\u00e9todo que el gobierno masista y sus funcionarios han copiado de Cuba y Venezuela.<\/p>\n<p style=\"text-align: justify;\">\u00bfA qu\u00e9 se debe su evidente p\u00e9rdida de peso?<\/p>\n<p style=\"text-align: justify;\">El pueblo boliviano me conoce. Cuando ocurri\u00f3 el fraude de Evo Morales asum\u00ed el compromiso de luchar por la democracia junto a una enorme mayor\u00eda de bolivianos. Y ese compromiso lo mantengo, fortaleza f\u00edsica y moral para honrar ese compromiso siempre tendr\u00e9. Sin embargo, hay algunos temas de salud que llevo y que necesitan tratarse adecuadamente. Nunca pedir\u00e9 ni un favor ni clemencia a quienes violan los derechos de los bolivianos y pisotean la democracia. Soy un preso pol\u00edtico y desde esa condici\u00f3n exijo que se respeten mis derechos y se me otorgue la atenci\u00f3n m\u00e9dica adecuada. Cuando eso ocurra, comunicaremos a la prensa y a los bolivianos el resultado de esos estudios.<\/p>\n<p style=\"text-align: justify;\">\u00bfUd. ha solicitado revisi\u00f3n por parte de una junta m\u00e9dica?<br \/>\nS\u00ed, ese es un derecho que tengo como preso pol\u00edtico, el derecho a una junta y a que se lleven a cabo las recomendaciones de la junta. Espero que el Gobierno no siga neg\u00e1ndome ese derecho.<\/p>\n<p style=\"text-align: justify;\">\u00bfHa pensado en solicitar licencia para que el vicegobernador asuma como gobernador?<br \/>\nNo, de ninguna manera. Con mi secuestro y detenci\u00f3n el gobierno masista planific\u00f3 la toma de Santa Cruz, una toma que implicaba dar un golpe a la Gobernaci\u00f3n y poner en mi lugar a un gobernador t\u00edtere o funcional al MAS. Ya lo hizo el MAS en Pando en 2008, cuando secuestr\u00f3 al gobernador Leopoldo Fern\u00e1ndez y coloc\u00f3 en su lugar a un gobernador t\u00edtere. Eso mismo pensaban hacer en Santa Cruz.<\/p>\n<p style=\"text-align: justify;\">El objetivo del gobierno era someter Santa Cruz a los intereses pol\u00edticos del MAS. Como es obvio, mi responsabilidad es no ceder. No facilitar que se consume ese golpe contra el voto y contra la voluntad de los cruce\u00f1os. A las dictaduras nunca se les facilita las cosas, hay que ponerles el pecho y obligarlas a que muestren su rostro. Cuando los cruce\u00f1os me dieron su voto para ser el gobernador me estaban encargando la representaci\u00f3n pol\u00edtica de nuestro departamento, me estaban encargando sostener Santa Cruz como la esperanza y el camino para la democracia boliviana. Ese es mi deber y esa es mi misi\u00f3n. Y por eso voy a cumplirla, a\u00fan con m\u00e1s \u00e1nimo y fortaleza, desde una c\u00e1rcel.<\/p>\n<p style=\"text-align: justify;\">Si Camacho cede, \u00bfpierde la Gobernaci\u00f3n?<br \/>\nTengo la idea muy clara en este punto. Esta discusi\u00f3n sobre ejercer o no ejercer el puesto de gobernador no es un tema ligero. Esto es un tema sobre Santa Cruz, sobre la democracia y sobre el pa\u00eds. Si cedo en este tema y permito un gobernador t\u00edtere, estar\u00e9 haciendo un da\u00f1o enorme a Santa Cruz, a la democracia y a Bolivia. Tengo la obligaci\u00f3n de sostener la Gobernaci\u00f3n como modo de impulsar la Bolivia y la Santa Cruz de la libertad que nos merecemos.<br \/>\nPero, adem\u00e1s, la Constituci\u00f3n y las leyes me facultan para ejercer desde mi detenci\u00f3n preventiva el ejercicio del puesto para el cual me eligieron los cruce\u00f1os.<\/p>\n<p style=\"text-align: justify;\">\u00bfConf\u00eda plenamente en el vicegobernador Mario Aguilera?<br \/>\nNo, en absoluto. Porque los hechos hablan por s\u00ed solos. A los tres d\u00edas de mi secuestro violento, el vicegobernador envi\u00f3 una comunicaci\u00f3n a la Asamblea Departamental pidiendo explicaciones sobre los alcances de la ausencia temporal. Es decir, cuando todav\u00eda no se conoc\u00eda bien mi situaci\u00f3n jur\u00eddica, \u00e9l ya planeaba asumir el cargo y as\u00ed consolidar el objetivo del golpe masista, sacando del cargo al gobernador elegido por el voto. A un mes de mi secuestro, en una entrevista que dio a EL DEBER, el vicegobernador manifest\u00f3 su posici\u00f3n afirmando que correspond\u00eda la suplencia gubernamental, discurso id\u00e9ntico al de los asamble\u00edstas departamentales masistas que buscaban tomar la Gobernaci\u00f3n de Santa Cruz.<\/p>\n<p style=\"text-align: justify;\">De ah\u00ed en adelante, hemos visto c\u00f3mo el MAS ha sido insistente en pedir que asuma el cargo el vicegobernador. Estamos ante una estrategia del MAS que utiliza al vicegobernador para tomar la Gobernaci\u00f3n y as\u00ed neutralizar Santa Cruz como fuerza democr\u00e1tica y opositora. Sinceramente, creo que todo cruce\u00f1o que sea fiel a sus principios y sea un cruce\u00f1o de honor no puede prestarse a ese juego que es contrario a Santa Cruz y a la Bolivia de la libertad. Nuestro departamento tiene una memoria muy fuerte para recordar a los oportunistas que le dan la espalda a las luchas del pueblo. La responsabilidad de todo funcionario de la Gobernaci\u00f3n es cumplir el mandato que nos dio el pueblo con su voto y veo que el vicegobernador no est\u00e1 en esa misma causa.<\/p>\n<p style=\"text-align: justify;\">\u00bfPor qu\u00e9 lo eligi\u00f3 como compa\u00f1ero de f\u00f3rmula?<br \/>\nPorque en ese momento no ten\u00eda ese comportamiento. Repito, el mandato del voto es sagrado y mientras nos asista la ley no debemos facilitar el camino para que el masismo imponga su voluntad en la Gobernaci\u00f3n de Santa Cruz.<\/p>\n<p style=\"text-align: justify;\">Se menciona una alianza no escrita entre Creemos y el MAS. \u00bfLo ratifica o lo descarta?<br \/>\nEs una mentira absurda que nunca he escuchado. He sido secuestrado violentamente por el MAS, soy un preso pol\u00edtico del MAS al que se le niega el derecho b\u00e1sico a la salud. Estoy aqu\u00ed porque nunca aceptar\u00e9 los m\u00e9todos violentos y fraudulentos del MAS, el s\u00f3lo preguntar si hay una alianza con el masismo es un desprop\u00f3sito.<\/p>\n<p style=\"text-align: justify;\">A cualquier persona con dignidad y sentido com\u00fan le pregunto: \u00bfhar\u00eda usted una alianza con qui\u00e9n te tiene secuestrado y pr\u00e1cticamente le tortura neg\u00e1ndote la atenci\u00f3n m\u00e9dica? \u202fPor mis principios y mis valores es imposible que haga una alianza con un partido que durante m\u00e1s de 15 a\u00f1os ha perseguido, secuestrado y encarcelado a cruce\u00f1os por razones c\u00edvicas, sociales y pol\u00edticas. No hay coincidencia alguna entre la dictadura del MAS y la lucha por la democracia que dio nacimiento a Creemos.<\/p>\n","protected":false},"excerpt":{"rendered":"<p>Algunos funcionarios de Gobierno se refirieron de forma despectiva a su estado de salud. \u00bfQu\u00e9 opina? Es la forma de actuar del masismo. Tratan de desviar la atenci\u00f3n de los temas importantes y recurren al insulto. Lo que estamos viviendo nunca se vio en 40 a\u00f1os de democracia, hay m\u00e1s de 200 ciudadanos presos y [&hellip;]<\/p>\n","protected":false},"author":4,"featured_media":55531,"comment_status":"open","ping_status":"closed","sticky":false,"template":"","format":"standard","meta":{"footnotes":""},"categories":[18],"tags":[],"class_list":{"0":"post-55530","1":"post","2":"type-post","3":"status-publish","4":"format-standard","5":"has-post-thumbnail","7":"category-politica"},"_links":{"self":[{"href":"https:\/\/jms.com.bo\/mediamonitor\/wp-json\/wp\/v2\/posts\/55530","targetHints":{"allow":["GET"]}}],"collection":[{"href":"https:\/\/jms.com.bo\/mediamonitor\/wp-json\/wp\/v2\/posts"}],"about":[{"href":"https:\/\/jms.com.bo\/mediamonitor\/wp-json\/wp\/v2\/types\/post"}],"author":[{"embeddable":true,"href":"https:\/\/jms.com.bo\/mediamonitor\/wp-json\/wp\/v2\/users\/4"}],"replies":[{"embeddable":true,"href":"https:\/\/jms.com.bo\/mediamonitor\/wp-json\/wp\/v2\/comments?post=55530"}],"version-history":[{"count":0,"href":"https:\/\/jms.com.bo\/mediamonitor\/wp-json\/wp\/v2\/posts\/55530\/revisions"}],"wp:featuredmedia":[{"embeddable":true,"href":"https:\/\/jms.com.bo\/mediamonitor\/wp-json\/wp\/v2\/media\/55531"}],"wp:attachment":[{"href":"https:\/\/jms.com.bo\/mediamonitor\/wp-json\/wp\/v2\/media?parent=55530"}],"wp:term":[{"taxonomy":"category","embeddable":true,"href":"https:\/\/jms.com.bo\/mediamonitor\/wp-json\/wp\/v2\/categories?post=55530"},{"taxonomy":"post_tag","embeddable":true,"href":"https:\/\/jms.com.bo\/mediamonitor\/wp-json\/wp\/v2\/tags?post=55530"}],"curies":[{"name":"wp","href":"https:\/\/api.w.org\/{rel}","templated":true}]}}