{"id":55532,"date":"2023-08-03T06:25:33","date_gmt":"2023-08-03T10:25:33","guid":{"rendered":"https:\/\/jms.com.bo\/mediamonitor\/2023\/08\/03\/partidos-aprueban-el-tratamiento-de-nueva-ley-de-eleccion-de-magistrados-desde-manana\/"},"modified":"2023-08-03T06:25:33","modified_gmt":"2023-08-03T10:25:33","slug":"partidos-aprueban-el-tratamiento-de-nueva-ley-de-eleccion-de-magistrados-desde-manana","status":"publish","type":"post","link":"https:\/\/jms.com.bo\/mediamonitor\/2023\/08\/03\/partidos-aprueban-el-tratamiento-de-nueva-ley-de-eleccion-de-magistrados-desde-manana\/","title":{"rendered":"Partidos aprueban el tratamiento de nueva ley de elecci\u00f3n de magistrados desde ma\u00f1ana"},"content":{"rendered":"<p style=\"text-align: justify;\">El cuarto intermedio declarado en el Senado se prolong\u00f3 hasta ma\u00f1ana porque los partidos decidieron considerar un documento entre todos y que puede ser tratado desde ma\u00f1ana a las 08:00 cuando se pretende reinstalar la sesi\u00f3n. Antes de proseguir con el cuarto intermedio, se aprob\u00f3 el tratamiento con dispensaci\u00f3n de tr\u00e1mite.<\/p>\n<p style=\"text-align: justify;\">La comisi\u00f3n de Constituci\u00f3n, presidida por la senadora Patricia Arce e integrada adem\u00e1s por Miguel \u00c1ngel Rejas (MAS) y la opositora Silvia Salame (CC) aprob\u00f3 por unanimidad el proyecto de ley que se replante\u00f3 desde hace una semana y ese informe iba a ser aprobado con dispensaci\u00f3n de tr\u00e1mite, es decir, ser considerado directamente en plenario.<\/p>\n<p style=\"text-align: justify;\">Al reinstalar la sesi\u00f3n, el presidente de la C\u00e1mara, Andr\u00f3nico Rodr\u00edguez, someti\u00f3 a votaci\u00f3n y se impuso la mayor\u00eda, en seguida el jefe de bancada del MAS, senador Miguel P\u00e9rez, pidi\u00f3 proseguir el cuarto intermedio hasta ma\u00f1ana a las 08:00 para retomar su tratamiento.<\/p>\n<p style=\"text-align: justify;\">El problema interno en CC provoc\u00f3 el conflicto, pues la senadora, Silvia Salame, es una de las disidentes y apoya en varias iniciativas al oficialismo. Ella apoy\u00f3 con su voto en la comisi\u00f3n el pedido de dispensaci\u00f3n de tr\u00e1mite; la jefa de bancada de CC, Andrea Barrientos, se opuso y dijo que deb\u00edan convocar a los adscritos.<\/p>\n<p style=\"text-align: justify;\">Creemos no tiene ning\u00fan representante en la comisi\u00f3n y el jefe de bancada, Henry Montero, tambi\u00e9n se opuso a tratar directo en plenario. Por esa raz\u00f3n se declar\u00f3 el cuarto intermedio a las 18:00 y acordaron revisar la propuesta para que se trate este jueves.<\/p>\n<p style=\"text-align: justify;\">Extraoficialmente se supo que el proyecto de ley que est\u00e1 en consideraci\u00f3n de la C\u00e1mara de Senadores ya unifica la ley y el reglamento en un solo documento y por tanto, ya no habr\u00e1 doble tr\u00e1mite de consideraci\u00f3n, solo se realizar\u00e1 la aprobaci\u00f3n por c\u00e1maras separadas.<\/p>\n","protected":false},"excerpt":{"rendered":"<p>El cuarto intermedio declarado en el Senado se prolong\u00f3 hasta ma\u00f1ana porque los partidos decidieron considerar un documento entre todos y que puede ser tratado desde ma\u00f1ana a las 08:00 cuando se pretende reinstalar la sesi\u00f3n. Antes de proseguir con el cuarto intermedio, se aprob\u00f3 el tratamiento con dispensaci\u00f3n de tr\u00e1mite. La comisi\u00f3n de Constituci\u00f3n, [&hellip;]<\/p>\n","protected":false},"author":4,"featured_media":55533,"comment_status":"open","ping_status":"closed","sticky":false,"template":"","format":"standard","meta":{"footnotes":""},"categories":[18],"tags":[],"class_list":{"0":"post-55532","1":"post","2":"type-post","3":"status-publish","4":"format-standard","5":"has-post-thumbnail","7":"category-politica"},"_links":{"self":[{"href":"https:\/\/jms.com.bo\/mediamonitor\/wp-json\/wp\/v2\/posts\/55532","targetHints":{"allow":["GET"]}}],"collection":[{"href":"https:\/\/jms.com.bo\/mediamonitor\/wp-json\/wp\/v2\/posts"}],"about":[{"href":"https:\/\/jms.com.bo\/mediamonitor\/wp-json\/wp\/v2\/types\/post"}],"author":[{"embeddable":true,"href":"https:\/\/jms.com.bo\/mediamonitor\/wp-json\/wp\/v2\/users\/4"}],"replies":[{"embeddable":true,"href":"https:\/\/jms.com.bo\/mediamonitor\/wp-json\/wp\/v2\/comments?post=55532"}],"version-history":[{"count":0,"href":"https:\/\/jms.com.bo\/mediamonitor\/wp-json\/wp\/v2\/posts\/55532\/revisions"}],"wp:featuredmedia":[{"embeddable":true,"href":"https:\/\/jms.com.bo\/mediamonitor\/wp-json\/wp\/v2\/media\/55533"}],"wp:attachment":[{"href":"https:\/\/jms.com.bo\/mediamonitor\/wp-json\/wp\/v2\/media?parent=55532"}],"wp:term":[{"taxonomy":"category","embeddable":true,"href":"https:\/\/jms.com.bo\/mediamonitor\/wp-json\/wp\/v2\/categories?post=55532"},{"taxonomy":"post_tag","embeddable":true,"href":"https:\/\/jms.com.bo\/mediamonitor\/wp-json\/wp\/v2\/tags?post=55532"}],"curies":[{"name":"wp","href":"https:\/\/api.w.org\/{rel}","templated":true}]}}