{"id":55534,"date":"2023-08-03T06:27:06","date_gmt":"2023-08-03T10:27:06","guid":{"rendered":"https:\/\/jms.com.bo\/mediamonitor\/2023\/08\/03\/legisladores-advierten-planes-para-prorrogar-a-magistrados\/"},"modified":"2023-08-03T06:27:06","modified_gmt":"2023-08-03T10:27:06","slug":"legisladores-advierten-planes-para-prorrogar-a-magistrados","status":"publish","type":"post","link":"https:\/\/jms.com.bo\/mediamonitor\/2023\/08\/03\/legisladores-advierten-planes-para-prorrogar-a-magistrados\/","title":{"rendered":"Legisladores advierten planes para prorrogar a magistrados"},"content":{"rendered":"<p style=\"text-align: justify;\">Tras el fallo del Tribunal Constitucional Plurinacional (TCP) que anul\u00f3 la convocatoria y reglamento para la preselecci\u00f3n de candidatos a autoridades judiciales, los legisladores opositores y oficialistas advierten planes para prorrogar en sus cargos a los actuales magistrados de altas cortes de justicia.<\/p>\n<p style=\"text-align: justify;\">El diputado por Comunidad Ciudadana, Carlos Alarc\u00f3n, cuestion\u00f3 el tiempo que los miembros del TCP demoraron en pronunciarse sobre un tema tan delicado como el futuro de las elecciones judiciales, tomando en cuenta que se trata de un asunto de inter\u00e9s nacional.<\/p>\n<p style=\"text-align: justify;\">Por ello, se\u00f1al\u00f3 que debe preocupar a la ciudadan\u00eda el que una instancia de justicia como el TCP, haya postergado hasta el \u00faltimo momento un pronunciamiento que pr\u00e1cticamente impide cumplir con una preselecci\u00f3n acorde a los requerimientos de los cargos a ser ocupados.<\/p>\n<p style=\"text-align: justify;\">Por su parte, el presidente de la C\u00e1mara de Diputados, Jerges Mercado, que sin hacer referencias directas, afirm\u00f3 que existen intereses para hacer fracasar los comicios judiciales en esta gesti\u00f3n; sin embargo, se mostr\u00f3 optimista por la posibilidad de que se pueda cumplir con los plazos para viabilizar el proceso.<\/p>\n<p style=\"text-align: justify;\">Entretanto, el abogado constitucionalista V\u00edctor Hugo Ch\u00e1vez sostuvo que mandato de magistrados salientes termina en diciembre, por lo que cesan en sus funciones, sin posibilidad de pr\u00f3rroga.<\/p>\n","protected":false},"excerpt":{"rendered":"<p>Tras el fallo del Tribunal Constitucional Plurinacional (TCP) que anul\u00f3 la convocatoria y reglamento para la preselecci\u00f3n de candidatos a autoridades judiciales, los legisladores opositores y oficialistas advierten planes para prorrogar en sus cargos a los actuales magistrados de altas cortes de justicia. El diputado por Comunidad Ciudadana, Carlos Alarc\u00f3n, cuestion\u00f3 el tiempo que los [&hellip;]<\/p>\n","protected":false},"author":4,"featured_media":55535,"comment_status":"open","ping_status":"closed","sticky":false,"template":"","format":"standard","meta":{"footnotes":""},"categories":[18,48,46],"tags":[],"class_list":{"0":"post-55534","1":"post","2":"type-post","3":"status-publish","4":"format-standard","5":"has-post-thumbnail","7":"category-politica","8":"category-portada-general-sitio","9":"category-portada-politica"},"_links":{"self":[{"href":"https:\/\/jms.com.bo\/mediamonitor\/wp-json\/wp\/v2\/posts\/55534","targetHints":{"allow":["GET"]}}],"collection":[{"href":"https:\/\/jms.com.bo\/mediamonitor\/wp-json\/wp\/v2\/posts"}],"about":[{"href":"https:\/\/jms.com.bo\/mediamonitor\/wp-json\/wp\/v2\/types\/post"}],"author":[{"embeddable":true,"href":"https:\/\/jms.com.bo\/mediamonitor\/wp-json\/wp\/v2\/users\/4"}],"replies":[{"embeddable":true,"href":"https:\/\/jms.com.bo\/mediamonitor\/wp-json\/wp\/v2\/comments?post=55534"}],"version-history":[{"count":0,"href":"https:\/\/jms.com.bo\/mediamonitor\/wp-json\/wp\/v2\/posts\/55534\/revisions"}],"wp:featuredmedia":[{"embeddable":true,"href":"https:\/\/jms.com.bo\/mediamonitor\/wp-json\/wp\/v2\/media\/55535"}],"wp:attachment":[{"href":"https:\/\/jms.com.bo\/mediamonitor\/wp-json\/wp\/v2\/media?parent=55534"}],"wp:term":[{"taxonomy":"category","embeddable":true,"href":"https:\/\/jms.com.bo\/mediamonitor\/wp-json\/wp\/v2\/categories?post=55534"},{"taxonomy":"post_tag","embeddable":true,"href":"https:\/\/jms.com.bo\/mediamonitor\/wp-json\/wp\/v2\/tags?post=55534"}],"curies":[{"name":"wp","href":"https:\/\/api.w.org\/{rel}","templated":true}]}}