{"id":55618,"date":"2023-08-04T06:22:16","date_gmt":"2023-08-04T10:22:16","guid":{"rendered":"https:\/\/jms.com.bo\/mediamonitor\/2023\/08\/04\/abigeato-provoca-perdidas-economicas-a-ganadores-y-piden-endurecimiento-de-penas\/"},"modified":"2023-08-04T06:22:16","modified_gmt":"2023-08-04T10:22:16","slug":"abigeato-provoca-perdidas-economicas-a-ganadores-y-piden-endurecimiento-de-penas","status":"publish","type":"post","link":"https:\/\/jms.com.bo\/mediamonitor\/2023\/08\/04\/abigeato-provoca-perdidas-economicas-a-ganadores-y-piden-endurecimiento-de-penas\/","title":{"rendered":"Abigeato provoca p\u00e9rdidas econ\u00f3micas a ganadores y piden endurecimiento de penas"},"content":{"rendered":"<p style=\"text-align: justify;\">Las mafias de abigeatistas aprovechando la docilidad del ganado, est\u00e1n hurtando de las propiedades grandes cantidades de animales y de alto valor, afectando a la producci\u00f3n y provoca p\u00e9rdidas cuantiosas a los productores, que pasan los 2,5 millones de d\u00f3lares, as\u00ed como la reducci\u00f3n del ganado.<\/p>\n<p style=\"text-align: justify;\">El sector se declara en emergencia ante lo que llamaron \u201cmafias abigeatistas\u201d, que tienen en vilo a los productores, pues el \u00faltimo robo registrado el domingo 30 de julio, en una propiedad cerca al municipio de Okinawa, se llevaron a la Gran Campeona Agroepcruz 2023 raza Girolando Rapachapao Aurea 5648 Byway FIV\u2013 Las Maras. Las vacas faenadas en este \u00faltimo robo, fruto del abigeato, son de alto valor gen\u00e9tico.<\/p>\n<p style=\"text-align: justify;\">\u201cTenemos un estimativo de datos de los procesos que se han iniciado y denuncias que se han realizado, solo en 2022 el abigeato signific\u00f3 una perdida superior a 2 millones y medio de d\u00f3lares, esto represent\u00f3 una disminuci\u00f3n de 4.080 cabezas nenos en producci\u00f3n y 408 productores damnificados\u201d, se\u00f1ala una nota de la C\u00e1mara Agropecuaria del Oriente (CAO).<\/p>\n<p style=\"text-align: justify;\">Hasta el momento hay muy pocos abigeatistas sentenciados, los procesos por abigeato que llegan a la justicia se paran porque es muy complejo y costoso para el productor llegar a recuperar algo de las p\u00e9rdidas.<\/p>\n<p style=\"text-align: justify;\">Por eso pedimos que se cree una unidad especial dentro del Ministerio P\u00fablico de lucha contra los delitos de abigeato para poner fin a este delito. Todos los productores en alguna medida est\u00e1n vulnerables a esto, sean peque\u00f1os, medianos o grandes, se\u00f1alan los productores a trav\u00e9s de su entidad matriz.<\/p>\n<p style=\"text-align: justify;\">Hacemos un llamado a las autoridades para que la lucha contra el abigeato se haga en los diferentes municipios, sobre todo en aquellos donde se ha desarrollado actividades de comercializaci\u00f3n de carne sin ning\u00fan cumplimiento de la norma sanitaria, se\u00f1ala el comunicado de la CAO.<\/p>\n<p style=\"text-align: justify;\">\u201cNo solamente se est\u00e1 atentando contra las personas que son v\u00edctimas de este robo, tambi\u00e9n est\u00e1n atentando contra la salud humana porque no sabemos el tipo de manipuleo de la carne\u201d, advierte.<\/p>\n<p style=\"text-align: justify;\">\u201cEse es el llamado que hacemos a las autoridades, estamos en estado de emergencia, esto crece y pone en riesgo las inversiones en desarrollo de esta actividad. Necesitamos una log\u00edstica especializada para hacer controles en carreteras, trancas, y en lugares de abastecimiento\u201d, agrega.<\/p>\n<p style=\"text-align: justify;\">Es urgente una Ley que sancione con privaci\u00f3n de libertad de 10 a\u00f1os a los abigeatistas, como una medida para frenar este delito que est\u00e1 en constante crecimiento, sugiere.<\/p>\n","protected":false},"excerpt":{"rendered":"<p>Las mafias de abigeatistas aprovechando la docilidad del ganado, est\u00e1n hurtando de las propiedades grandes cantidades de animales y de alto valor, afectando a la producci\u00f3n y provoca p\u00e9rdidas cuantiosas a los productores, que pasan los 2,5 millones de d\u00f3lares, as\u00ed como la reducci\u00f3n del ganado. El sector se declara en emergencia ante lo que [&hellip;]<\/p>\n","protected":false},"author":4,"featured_media":55619,"comment_status":"open","ping_status":"closed","sticky":false,"template":"","format":"standard","meta":{"footnotes":""},"categories":[52],"tags":[],"class_list":{"0":"post-55618","1":"post","2":"type-post","3":"status-publish","4":"format-standard","5":"has-post-thumbnail","7":"category-alimentos-agroindustria"},"_links":{"self":[{"href":"https:\/\/jms.com.bo\/mediamonitor\/wp-json\/wp\/v2\/posts\/55618","targetHints":{"allow":["GET"]}}],"collection":[{"href":"https:\/\/jms.com.bo\/mediamonitor\/wp-json\/wp\/v2\/posts"}],"about":[{"href":"https:\/\/jms.com.bo\/mediamonitor\/wp-json\/wp\/v2\/types\/post"}],"author":[{"embeddable":true,"href":"https:\/\/jms.com.bo\/mediamonitor\/wp-json\/wp\/v2\/users\/4"}],"replies":[{"embeddable":true,"href":"https:\/\/jms.com.bo\/mediamonitor\/wp-json\/wp\/v2\/comments?post=55618"}],"version-history":[{"count":0,"href":"https:\/\/jms.com.bo\/mediamonitor\/wp-json\/wp\/v2\/posts\/55618\/revisions"}],"wp:featuredmedia":[{"embeddable":true,"href":"https:\/\/jms.com.bo\/mediamonitor\/wp-json\/wp\/v2\/media\/55619"}],"wp:attachment":[{"href":"https:\/\/jms.com.bo\/mediamonitor\/wp-json\/wp\/v2\/media?parent=55618"}],"wp:term":[{"taxonomy":"category","embeddable":true,"href":"https:\/\/jms.com.bo\/mediamonitor\/wp-json\/wp\/v2\/categories?post=55618"},{"taxonomy":"post_tag","embeddable":true,"href":"https:\/\/jms.com.bo\/mediamonitor\/wp-json\/wp\/v2\/tags?post=55618"}],"curies":[{"name":"wp","href":"https:\/\/api.w.org\/{rel}","templated":true}]}}