{"id":55620,"date":"2023-08-04T06:23:40","date_gmt":"2023-08-04T10:23:40","guid":{"rendered":"https:\/\/jms.com.bo\/mediamonitor\/2023\/08\/04\/en-nueve-anos-104-maestros-fueron-expulsados-del-sistema-educativo-por-casos-de-violencia\/"},"modified":"2023-08-04T06:23:40","modified_gmt":"2023-08-04T10:23:40","slug":"en-nueve-anos-104-maestros-fueron-expulsados-del-sistema-educativo-por-casos-de-violencia","status":"publish","type":"post","link":"https:\/\/jms.com.bo\/mediamonitor\/2023\/08\/04\/en-nueve-anos-104-maestros-fueron-expulsados-del-sistema-educativo-por-casos-de-violencia\/","title":{"rendered":"En nueve a\u00f1os, 104 maestros fueron expulsados del sistema educativo por casos de violencia"},"content":{"rendered":"<p style=\"text-align: justify;\">Acusados de violencia, entre 2014 y lo que va de este a\u00f1o 104 maestros ya fueron expulsados del sistema educativo, confirm\u00f3 este jueves el Ministerio de Educaci\u00f3n, que inform\u00f3 que en dicho lapso se han presentado m\u00e1s de 800 denuncias por este tipo de hechos.<\/p>\n<p style=\"text-align: justify;\">\u201cNosotros, desde el 2014, tenemos cuantificado m\u00e1s de 800 casos; en el marco de lo que es el Decreto Supremo 1320, que sanciona este tipo de hechos (\u2026). De estos 800 casos, hasta el momento tenemos unos 104 maestros fuera del Sistema (Educativo Plurinacional), o sea sancionados en el marco del delito de violencia\u201d, explic\u00f3 el ministro de Educaci\u00f3n, \u00c9dgar Pary, seg\u00fan una nota institucional.<\/p>\n<p style=\"text-align: justify;\">Un reciente caso de presunta agresi\u00f3n se conoci\u00f3 en Cochabamba. Un maestro se encuentra acusado de golpear con una regla a un estudiante de ocho a\u00f1os en la cabeza, por lo que se abri\u00f3 una investigaci\u00f3n. Educaci\u00f3n enfatiz\u00f3 que cualquier tipo de violencia est\u00e1 prohibida en las unidades educativas.<\/p>\n<p style=\"text-align: justify;\">VIOLENCIA<\/p>\n<p style=\"text-align: justify;\">\u201cAlgunos colegas no est\u00e1n tomando en cuenta los derechos de nuestros estudiantes. Las maestras y maestros tenemos que velar por la formaci\u00f3n, cuidado e integridad f\u00edsica y emocional de nuestras ni\u00f1as, ni\u00f1os, j\u00f3venes y se\u00f1oritas. Tenemos que dar el ejemplo con nuestros actos\u201d, indic\u00f3 el ministro.<\/p>\n<p style=\"text-align: justify;\">La sanci\u00f3n contra maestros o personal administrativo se encuentra establecida en los Decretos Supremos 1302 y 1320. \u201c(Las normas) tienen por objeto establecer mecanismos que coadyuven a la erradicaci\u00f3n de la violencia, maltrato y abuso que atenten contra la vida e integridad f\u00edsica, psicol\u00f3gica y\/o sexual de ni\u00f1as, ni\u00f1os y adolescentes estudiantes, en el \u00e1mbito educativo\u201d.<\/p>\n<p style=\"text-align: justify;\">De acuerdo con el ministerio, cada Direcci\u00f3n Departamental de Educaci\u00f3n tiene a su disposici\u00f3n profesionales penalistas que hacen seguimiento de las denuncias de violencia.<\/p>\n","protected":false},"excerpt":{"rendered":"<p>Acusados de violencia, entre 2014 y lo que va de este a\u00f1o 104 maestros ya fueron expulsados del sistema educativo, confirm\u00f3 este jueves el Ministerio de Educaci\u00f3n, que inform\u00f3 que en dicho lapso se han presentado m\u00e1s de 800 denuncias por este tipo de hechos. \u201cNosotros, desde el 2014, tenemos cuantificado m\u00e1s de 800 casos; [&hellip;]<\/p>\n","protected":false},"author":4,"featured_media":55621,"comment_status":"open","ping_status":"closed","sticky":false,"template":"","format":"standard","meta":{"footnotes":""},"categories":[49],"tags":[],"class_list":{"0":"post-55620","1":"post","2":"type-post","3":"status-publish","4":"format-standard","5":"has-post-thumbnail","7":"category-social"},"_links":{"self":[{"href":"https:\/\/jms.com.bo\/mediamonitor\/wp-json\/wp\/v2\/posts\/55620","targetHints":{"allow":["GET"]}}],"collection":[{"href":"https:\/\/jms.com.bo\/mediamonitor\/wp-json\/wp\/v2\/posts"}],"about":[{"href":"https:\/\/jms.com.bo\/mediamonitor\/wp-json\/wp\/v2\/types\/post"}],"author":[{"embeddable":true,"href":"https:\/\/jms.com.bo\/mediamonitor\/wp-json\/wp\/v2\/users\/4"}],"replies":[{"embeddable":true,"href":"https:\/\/jms.com.bo\/mediamonitor\/wp-json\/wp\/v2\/comments?post=55620"}],"version-history":[{"count":0,"href":"https:\/\/jms.com.bo\/mediamonitor\/wp-json\/wp\/v2\/posts\/55620\/revisions"}],"wp:featuredmedia":[{"embeddable":true,"href":"https:\/\/jms.com.bo\/mediamonitor\/wp-json\/wp\/v2\/media\/55621"}],"wp:attachment":[{"href":"https:\/\/jms.com.bo\/mediamonitor\/wp-json\/wp\/v2\/media?parent=55620"}],"wp:term":[{"taxonomy":"category","embeddable":true,"href":"https:\/\/jms.com.bo\/mediamonitor\/wp-json\/wp\/v2\/categories?post=55620"},{"taxonomy":"post_tag","embeddable":true,"href":"https:\/\/jms.com.bo\/mediamonitor\/wp-json\/wp\/v2\/tags?post=55620"}],"curies":[{"name":"wp","href":"https:\/\/api.w.org\/{rel}","templated":true}]}}