{"id":55641,"date":"2023-08-04T06:47:05","date_gmt":"2023-08-04T10:47:05","guid":{"rendered":"https:\/\/jms.com.bo\/mediamonitor\/2023\/08\/04\/denuncian-nuevos-problemas-en-pago-de-rentas\/"},"modified":"2023-08-04T06:47:05","modified_gmt":"2023-08-04T10:47:05","slug":"denuncian-nuevos-problemas-en-pago-de-rentas","status":"publish","type":"post","link":"https:\/\/jms.com.bo\/mediamonitor\/2023\/08\/04\/denuncian-nuevos-problemas-en-pago-de-rentas\/","title":{"rendered":"Denuncian nuevos problemas en pago de rentas"},"content":{"rendered":"<p style=\"text-align: justify;\">La jornada de ayer, y por segundo d\u00eda consecutivo, se presentaron reclamos por supuestas fallas en el sistema del pago de pensiones que utiliza la Gestora P\u00fablica. La empresa p\u00fablica ya anunci\u00f3 sanciones pecuniarias para la compa\u00f1\u00eda S\u00edntesis, que administra el mencionado sistema.<\/p>\n<p style=\"text-align: justify;\">El 1 de agosto se presentaron interrupciones en los pagos, por lo que los beneficiarios no pudieron recibir sus rentas. El sistema se habr\u00eda reactivado por la tarde, pero ayer nuevamente hubo denuncias de cortes.<\/p>\n<p style=\"text-align: justify;\">El gerente de la Gestora P\u00fablica, Jaime Dur\u00e1n, dijo que hasta las 16:00 de ayer se pag\u00f3 al 63 por ciento de los jubilados lo equivalente a 487 millones de bolivianos, y que el resto de los desembolsos se ir\u00e1n haciendo en los pr\u00f3ximos d\u00edas. Garantiz\u00f3 que se cuenta con los fondos necesarios para cumplir estas obligaciones.<\/p>\n<p style=\"text-align: justify;\">Dur\u00e1n a\u00f1adi\u00f3 que la empresa S\u00edntesis, responsable del servicio inform\u00e1tico del sistema, cuenta con 25 a\u00f1os de servicio brindando a entidades financieras, universidades y administradoras del fondo de pensiones; sin embargo, por haber generado perjuicios, ser\u00e1 sometida a an\u00e1lisis y cobro de sanciones pecuniarias. Adem\u00e1s, pidi\u00f3 disculpas a la poblaci\u00f3n.<\/p>\n<p style=\"text-align: justify;\">El economista Gonzalo Ch\u00e1vez se\u00f1al\u00f3 en redes sociales que la Gestora \u201ccomienza mal\u201d. \u201cEso tiene colocar militantes del partido de gobierno a administrar las rentas de los jubilados. Las disculpas y pedido de paciencia no tienen ning\u00fan sentido cuando miles de ancianos viven al d\u00eda a d\u00eda con sus jubilaciones. \u00c9ste s\u00f3lo es el comienzo de la ineficiencia\u201d, dijo Ch\u00e1vez.<\/p>\n<p style=\"text-align: justify;\">\n","protected":false},"excerpt":{"rendered":"<p>La jornada de ayer, y por segundo d\u00eda consecutivo, se presentaron reclamos por supuestas fallas en el sistema del pago de pensiones que utiliza la Gestora P\u00fablica. La empresa p\u00fablica ya anunci\u00f3 sanciones pecuniarias para la compa\u00f1\u00eda S\u00edntesis, que administra el mencionado sistema. El 1 de agosto se presentaron interrupciones en los pagos, por lo [&hellip;]<\/p>\n","protected":false},"author":4,"featured_media":55642,"comment_status":"open","ping_status":"closed","sticky":false,"template":"","format":"standard","meta":{"footnotes":""},"categories":[25],"tags":[],"class_list":{"0":"post-55641","1":"post","2":"type-post","3":"status-publish","4":"format-standard","5":"has-post-thumbnail","7":"category-economia"},"_links":{"self":[{"href":"https:\/\/jms.com.bo\/mediamonitor\/wp-json\/wp\/v2\/posts\/55641","targetHints":{"allow":["GET"]}}],"collection":[{"href":"https:\/\/jms.com.bo\/mediamonitor\/wp-json\/wp\/v2\/posts"}],"about":[{"href":"https:\/\/jms.com.bo\/mediamonitor\/wp-json\/wp\/v2\/types\/post"}],"author":[{"embeddable":true,"href":"https:\/\/jms.com.bo\/mediamonitor\/wp-json\/wp\/v2\/users\/4"}],"replies":[{"embeddable":true,"href":"https:\/\/jms.com.bo\/mediamonitor\/wp-json\/wp\/v2\/comments?post=55641"}],"version-history":[{"count":0,"href":"https:\/\/jms.com.bo\/mediamonitor\/wp-json\/wp\/v2\/posts\/55641\/revisions"}],"wp:featuredmedia":[{"embeddable":true,"href":"https:\/\/jms.com.bo\/mediamonitor\/wp-json\/wp\/v2\/media\/55642"}],"wp:attachment":[{"href":"https:\/\/jms.com.bo\/mediamonitor\/wp-json\/wp\/v2\/media?parent=55641"}],"wp:term":[{"taxonomy":"category","embeddable":true,"href":"https:\/\/jms.com.bo\/mediamonitor\/wp-json\/wp\/v2\/categories?post=55641"},{"taxonomy":"post_tag","embeddable":true,"href":"https:\/\/jms.com.bo\/mediamonitor\/wp-json\/wp\/v2\/tags?post=55641"}],"curies":[{"name":"wp","href":"https:\/\/api.w.org\/{rel}","templated":true}]}}