{"id":5570,"date":"2021-04-21T06:44:54","date_gmt":"2021-04-21T10:44:54","guid":{"rendered":"http:\/\/jms.com.bo\/mediamonitor\/?p=5570"},"modified":"2021-04-21T06:44:54","modified_gmt":"2021-04-21T10:44:54","slug":"vaca-muerta-otro-record-en-petroleo-y-el-repunte-del-gas","status":"publish","type":"post","link":"https:\/\/jms.com.bo\/mediamonitor\/2021\/04\/21\/vaca-muerta-otro-record-en-petroleo-y-el-repunte-del-gas\/","title":{"rendered":"Vaca Muerta: otro r\u00e9cord en petr\u00f3leo y el repunte del gas"},"content":{"rendered":"<p style=\"text-align: justify;\">Neuqu\u00e9n volvi\u00f3 a registrar en marzo otro pico hist\u00f3rico en su producci\u00f3n de petr\u00f3leo para los \u00faltimos 16 a\u00f1os, al alcanzar los 184.844 barriles diarios, un 3,6% m\u00e1s que en febrero y un 14,74% por encima de marzo del a\u00f1o pasado, seg\u00fan cifras de la Secretar\u00eda de Energ\u00eda de la Naci\u00f3n. El 78% de la producci\u00f3n de petr\u00f3leo de la provincia provino de la formaci\u00f3n Vaca Muerta, con 144 mil barriles diarios, la mejor marca desde que se explota el shale en la cuenca.<\/p>\n<p style=\"text-align: justify;\">Los r\u00e9cords de producci\u00f3n vienen acompa\u00f1ados de un importante crecimiento de la actividad de completaci\u00f3n de pozos en lo que va del a\u00f1o. En marzo, la actividad de fractura en Vaca Muerta volvi\u00f3 a crecer por octavo mes consecutivo y marc\u00f3 un r\u00e9cord total para la cuenca con 733 etapas.<\/p>\n<p style=\"text-align: justify;\">Seg\u00fan el reporte mensual difundido por Luciano Fucello, country manager de NCS Multistage, la cantidad de fracturas creci\u00f3 un 7% con respecto a febrero, cuando se realizaron 685 y alcanz\u00f3 733. Si se la compara con marzo de 2020, mes en que se decret\u00f3 el aislamiento social por el coronavirus, el incremento fue del 70%. De esta forma, el mes pasado se super\u00f3 la marca m\u00e1xima hist\u00f3rica del shale neuquino de 712 etapas, registrada en febrero de 2019.<\/p>\n<p style=\"text-align: justify;\">Se revierte el declino del gas<br \/>\nPor el lado de la producci\u00f3n de gas, con 63 millones de m3 diarios, tambi\u00e9n hubo un crecimiento en marzo, del orden del 2,7% con respecto a febrero, aunque a\u00fan permaneci\u00f3 un 8.8% por debajo del mismo mes de 2020.<\/p>\n<p style=\"text-align: justify;\">Las cifras comenzaron a dar cuenta del efecto del Plan Gas.Ar en la producci\u00f3n, que ya comenz\u00f3 a revertir el declino de los \u00faltimos meses. Aunque las protestas que mantienen los trabajadores autoconvocados de la salud desde hace dos semanas en las rutas petroleras provocan un fuerte da\u00f1o a las inversiones al paralizar las actividades de la gran mayor\u00eda de los equipos petroleros. Las operadoras ya notificaron al gobierno nacional que no podr\u00e1n cumplir con los compromisos de inyecci\u00f3n estipulados para mayo.<\/p>\n<p style=\"text-align: justify;\">Pozos<br \/>\nAntes de la protesta, el nivel de actividad en el segmento de terminaci\u00f3n de pozos ven\u00eda siendo superior a los mejores meses de 2018 y 2019, y pon\u00edan en relieve no s\u00f3lo la reactivaci\u00f3n sostenida de las operaciones en Vaca Muerta tras el impacto de la pandemia, sino tambi\u00e9n la evoluci\u00f3n de la curva de aprendizaje de las operadoras sobre el shale.<\/p>\n<p style=\"text-align: justify;\">Seg\u00fan datos de la consultora FDC, entre 2014 y 2020, la longitud de la rama lateral promedio de un pozo shale creci\u00f3 de 1.089 metros a 2.143 metros, es decir un 96,8%. Mientras que la cantidad de etapas de fractura pas\u00f3 de las 14 en 2014 a un promedio en 33 el a\u00f1o pasado.<\/p>\n<p style=\"text-align: justify;\">Esto trajo aparejado un fuerte incremento en las productividades y en la Recuperaci\u00f3n \u00daltima de Petr\u00f3leo (EUR en ingl\u00e9s), que se dispar\u00f3 de 43.000 m3 en 2014 a 159.000 m3 en 2020.<\/p>\n<p style=\"text-align: justify;\">La cifra r\u00e9cord de fracturas y producci\u00f3n tambi\u00e9n est\u00e1n relacionados con el importante stock de pozos perforados sin terminar que se hab\u00eda acumulado hasta el a\u00f1o pasado, y que no hab\u00edan sido fracturados por la pandemia.<\/p>\n","protected":false},"excerpt":{"rendered":"<p>Neuqu\u00e9n volvi\u00f3 a registrar en marzo otro pico hist\u00f3rico en su producci\u00f3n de petr\u00f3leo para los \u00faltimos 16 a\u00f1os, al alcanzar los 184.844 barriles diarios, un 3,6% m\u00e1s que en febrero y un 14,74% por encima de marzo del a\u00f1o pasado, seg\u00fan cifras de la Secretar\u00eda de Energ\u00eda de la Naci\u00f3n. El 78% de la [&hellip;]<\/p>\n","protected":false},"author":4,"featured_media":5571,"comment_status":"open","ping_status":"open","sticky":false,"template":"","format":"standard","meta":{"footnotes":""},"categories":[23,41],"tags":[],"class_list":{"0":"post-5570","1":"post","2":"type-post","3":"status-publish","4":"format-standard","5":"has-post-thumbnail","7":"category-hidrocarburos","8":"category-sudamerica"},"_links":{"self":[{"href":"https:\/\/jms.com.bo\/mediamonitor\/wp-json\/wp\/v2\/posts\/5570","targetHints":{"allow":["GET"]}}],"collection":[{"href":"https:\/\/jms.com.bo\/mediamonitor\/wp-json\/wp\/v2\/posts"}],"about":[{"href":"https:\/\/jms.com.bo\/mediamonitor\/wp-json\/wp\/v2\/types\/post"}],"author":[{"embeddable":true,"href":"https:\/\/jms.com.bo\/mediamonitor\/wp-json\/wp\/v2\/users\/4"}],"replies":[{"embeddable":true,"href":"https:\/\/jms.com.bo\/mediamonitor\/wp-json\/wp\/v2\/comments?post=5570"}],"version-history":[{"count":1,"href":"https:\/\/jms.com.bo\/mediamonitor\/wp-json\/wp\/v2\/posts\/5570\/revisions"}],"predecessor-version":[{"id":5572,"href":"https:\/\/jms.com.bo\/mediamonitor\/wp-json\/wp\/v2\/posts\/5570\/revisions\/5572"}],"wp:featuredmedia":[{"embeddable":true,"href":"https:\/\/jms.com.bo\/mediamonitor\/wp-json\/wp\/v2\/media\/5571"}],"wp:attachment":[{"href":"https:\/\/jms.com.bo\/mediamonitor\/wp-json\/wp\/v2\/media?parent=5570"}],"wp:term":[{"taxonomy":"category","embeddable":true,"href":"https:\/\/jms.com.bo\/mediamonitor\/wp-json\/wp\/v2\/categories?post=5570"},{"taxonomy":"post_tag","embeddable":true,"href":"https:\/\/jms.com.bo\/mediamonitor\/wp-json\/wp\/v2\/tags?post=5570"}],"curies":[{"name":"wp","href":"https:\/\/api.w.org\/{rel}","templated":true}]}}