{"id":5590,"date":"2021-04-22T06:02:42","date_gmt":"2021-04-22T10:02:42","guid":{"rendered":"http:\/\/jms.com.bo\/mediamonitor\/?p=5590"},"modified":"2021-04-22T06:02:42","modified_gmt":"2021-04-22T10:02:42","slug":"la-fiscalia-aprehende-a-vinculada-con-el-caso-de-corrupcion-en-entel-la-acusan-de-desviar-us-500-000","status":"publish","type":"post","link":"https:\/\/jms.com.bo\/mediamonitor\/2021\/04\/22\/la-fiscalia-aprehende-a-vinculada-con-el-caso-de-corrupcion-en-entel-la-acusan-de-desviar-us-500-000\/","title":{"rendered":"La Fiscal\u00eda aprehende a vinculada con el caso de corrupci\u00f3n en Entel, la acusan de desviar $us 500.000"},"content":{"rendered":"<p style=\"text-align: justify;\">La Fiscal\u00eda aprehendi\u00f3 este mi\u00e9rcoles a una de las vinculadas con el \u201cdesv\u00edo\u201d en Entel de al menos medio mill\u00f3n de d\u00f3lares a la cuenta bancaria de su pareja. El fiscal Departamental de La Paz, Sergio Bustillos, no descart\u00f3 citar al exgerente de la telef\u00f3nica Eddy Luis Franco y a todos los que sean necesarios para esclarecer la denuncia por corrupci\u00f3n.<\/p>\n<p style=\"text-align: justify;\">No dio detalles sobre la persona aprehendida y se limit\u00f3 a decir que estaba en comisi\u00f3n y era la responsable de la fibra \u00f3ptica. \u201cEra encargada de realizar estos desembolsos\u201d, explic\u00f3 escuetamente y detall\u00f3 que la investigaci\u00f3n es por legitimaci\u00f3n de ganancias il\u00edcitas, enriquecimiento il\u00edcito y conducta antiecon\u00f3mica.<\/p>\n<p style=\"text-align: justify;\">En la ma\u00f1ana, el ministro de Obras P\u00fablicas, Edgar Monta\u00f1o, denunci\u00f3 que durante la gesti\u00f3n de Iv\u00e1n Arias la Empresa Nacional de Telecomunicaciones (Entel), al mando de Eddy Luis Franco, pag\u00f3 $us 390.000 a una empresa fantasma en Per\u00fa para la conexi\u00f3n de nodos en la fibra \u00f3ptica.<\/p>\n<p style=\"text-align: justify;\">\u201cHacer una denuncia de corrupci\u00f3n, durante la gesti\u00f3n del exministro Iv\u00e1n Arias y (el exgerente general de Entel) el se\u00f1or Eddy Luis Franco, hemos detectado que se ha pagado ilegalmente a una empresa fantasma en Per\u00fa un monto de m\u00e1s de $us 390.000 y aqu\u00ed evidentemente estamos demostrando que en nuestro gobierno estamos trabajando incansablemente contra la corrupci\u00f3n\u201d, sostuvo el ministro.<\/p>\n<p style=\"text-align: justify;\">Mientras que el exministro y alcalde electo de La Paz Iv\u00e1n Arias deslind\u00f3 responsabilidades sobre lo ocurrido en Entel. \u00abDebo recordar que la referida empresa se constituye en una Sociedad An\u00f3nima (con capital del Estado) con autonom\u00eda de gesti\u00f3n econ\u00f3mica, financiera y jur\u00eddica, que al efecto tiene una gerencia General encargada de la administraci\u00f3n. Tambi\u00e9n tiene un directorio que realiza tareas de fiscalizaci\u00f3n\u00bb, aclar\u00f3 en un comunicado.<\/p>\n<p style=\"text-align: justify;\">Bustillo inform\u00f3 que personeros de Entel presentaron la denuncia el martes y que este mi\u00e9rcoles ya se tiene aprehendida a una persona, de la que no se conoce si a\u00fan presta o no servicios en la telef\u00f3nica.<\/p>\n<p style=\"text-align: justify;\">Las indagaciones iniciales dan cuenta que la aprehendida desvi\u00f3 medio mill\u00f3n de d\u00f3lares que estaban destinado a otros fines a la cuenta bancaria de su pareja.<\/p>\n","protected":false},"excerpt":{"rendered":"<p>La Fiscal\u00eda aprehendi\u00f3 este mi\u00e9rcoles a una de las vinculadas con el \u201cdesv\u00edo\u201d en Entel de al menos medio mill\u00f3n de d\u00f3lares a la cuenta bancaria de su pareja. El fiscal Departamental de La Paz, Sergio Bustillos, no descart\u00f3 citar al exgerente de la telef\u00f3nica Eddy Luis Franco y a todos los que sean necesarios [&hellip;]<\/p>\n","protected":false},"author":4,"featured_media":5591,"comment_status":"open","ping_status":"open","sticky":false,"template":"","format":"standard","meta":{"footnotes":""},"categories":[20],"tags":[],"class_list":{"0":"post-5590","1":"post","2":"type-post","3":"status-publish","4":"format-standard","5":"has-post-thumbnail","7":"category-actualidad"},"_links":{"self":[{"href":"https:\/\/jms.com.bo\/mediamonitor\/wp-json\/wp\/v2\/posts\/5590","targetHints":{"allow":["GET"]}}],"collection":[{"href":"https:\/\/jms.com.bo\/mediamonitor\/wp-json\/wp\/v2\/posts"}],"about":[{"href":"https:\/\/jms.com.bo\/mediamonitor\/wp-json\/wp\/v2\/types\/post"}],"author":[{"embeddable":true,"href":"https:\/\/jms.com.bo\/mediamonitor\/wp-json\/wp\/v2\/users\/4"}],"replies":[{"embeddable":true,"href":"https:\/\/jms.com.bo\/mediamonitor\/wp-json\/wp\/v2\/comments?post=5590"}],"version-history":[{"count":1,"href":"https:\/\/jms.com.bo\/mediamonitor\/wp-json\/wp\/v2\/posts\/5590\/revisions"}],"predecessor-version":[{"id":5592,"href":"https:\/\/jms.com.bo\/mediamonitor\/wp-json\/wp\/v2\/posts\/5590\/revisions\/5592"}],"wp:featuredmedia":[{"embeddable":true,"href":"https:\/\/jms.com.bo\/mediamonitor\/wp-json\/wp\/v2\/media\/5591"}],"wp:attachment":[{"href":"https:\/\/jms.com.bo\/mediamonitor\/wp-json\/wp\/v2\/media?parent=5590"}],"wp:term":[{"taxonomy":"category","embeddable":true,"href":"https:\/\/jms.com.bo\/mediamonitor\/wp-json\/wp\/v2\/categories?post=5590"},{"taxonomy":"post_tag","embeddable":true,"href":"https:\/\/jms.com.bo\/mediamonitor\/wp-json\/wp\/v2\/tags?post=5590"}],"curies":[{"name":"wp","href":"https:\/\/api.w.org\/{rel}","templated":true}]}}