{"id":5593,"date":"2021-04-22T06:04:50","date_gmt":"2021-04-22T10:04:50","guid":{"rendered":"http:\/\/jms.com.bo\/mediamonitor\/?p=5593"},"modified":"2021-04-22T06:04:50","modified_gmt":"2021-04-22T10:04:50","slug":"arce-exhorta-a-liberar-las-patentes-de-medicamentos-y-vacunas-anticovid","status":"publish","type":"post","link":"https:\/\/jms.com.bo\/mediamonitor\/2021\/04\/22\/arce-exhorta-a-liberar-las-patentes-de-medicamentos-y-vacunas-anticovid\/","title":{"rendered":"Arce exhorta a liberar las patentes de medicamentos y vacunas anticovid"},"content":{"rendered":"<p style=\"text-align: justify;\">El presidente Luis Arce exhort\u00f3 este mi\u00e9rcoles a la Organizaci\u00f3n Mundial del Comercio y a la Organizaci\u00f3n Mundial de Propiedad Intelectual a liberar las patentes de medicamentos y vacunas contra la covid-19 para un acceso equitativo de todos los pa\u00edses.<\/p>\n<p style=\"text-align: justify;\">Arce en su intervenci\u00f3n en la Cumbre Iberoamericana desarrollada de forma semipresencial en el Principado de Andorra exhort\u00f3 a una \u00abpronta modificaci\u00f3n de est\u00e1ndares internacionales que protegen la hegem\u00f3nica industria farmac\u00e9utica\u00bb que perjudica a \u00abmiles de millones seres humanos\u00bb en el mundo.<\/p>\n<p style=\"text-align: justify;\">El mandatario indic\u00f3 que esto ayudar\u00e1 al acceso equitativo de insumos, medicamentos y vacunas para contener la pandemia de la covid-19 por lo que se \u00abtorna urgente\u00bb esta \u00abreforma en los est\u00e1ndares internacionales\u00bb.<\/p>\n<p style=\"text-align: justify;\">\u00abLas poderosas trasnacionales farmac\u00e9uticas que tienen patentes sobre diagn\u00f3sticos, medicamentos y vacunas deben liberarlas y hacerlas de dominio p\u00fablico o emitir autorizaciones voluntarias son costo para lograr un acceso real de parte de todas las nacionales sin excepci\u00f3n\u00bb, sostuvo Arce.<\/p>\n<p style=\"text-align: justify;\">De la misma forma hizo un llamado a los pa\u00edses desarrollados que tienen m\u00e1s vacunas \u00abde la que su poblaci\u00f3n necesita a que las distribuya con aquellos que las carece\u00bb.<\/p>\n<p style=\"text-align: justify;\">Arce se\u00f1al\u00f3 que pa\u00edses \u00abricos\u00bb compraron m\u00e1s de la mitad del suministro de vacunas y que al menos un centenar de pa\u00edses a\u00fan no han vacunado ni a una sola persona de su poblaci\u00f3n, por lo que el acceso de las dosis deber\u00eda ser visto como \u00abun derecho humano\u00bb.<\/p>\n<p style=\"text-align: justify;\">Es por ello que el mandatario alent\u00f3 a construir un futuro con base en una visi\u00f3n \u00abtransformadora\u00bb hecha \u00aben base a la solidaridad, complementariedad\u00bb hacia una sostenibilidad econ\u00f3mica, social y ambiental en la que se priorice erradicar la pobreza extrema.<\/p>\n<p style=\"text-align: justify;\">Arce indic\u00f3 que en Bolivia hay una contracci\u00f3n de actividad econ\u00f3mica del 11,1 % y que hubo un incremento en la tasa de desocupaci\u00f3n urbana del 4,8 % en 2019 a un 8,7 % en octubre de 2020.<\/p>\n<p style=\"text-align: justify;\">A nivel general el mandatario boliviano sostuvo que el mayor impacto es en la econom\u00eda por lo que esta \u00abcrisis\u00bb se debe afrontar \u00abde manera integral\u00bb junto a todos los actores de la comunidad internacional especialmente en el \u00e1mbito multilateral.<\/p>\n<p style=\"text-align: justify;\">Por otra parte el mandatario destac\u00f3 que se haya aprobado en esa cumbre programas sobre las lenguas ind\u00edgenas que ayudar\u00e1n a la \u00abpreservaci\u00f3n\u00bb de las mismas, como tambi\u00e9n la aprobaci\u00f3n de un programa para prevenir la violencia contra las mujeres.<\/p>\n<p style=\"text-align: justify;\">Bolivia encara una campa\u00f1a internacional desde este mes para que se liberen las patentes de las vacunas realizando reuniones con embajadores en el pa\u00eds.<\/p>\n","protected":false},"excerpt":{"rendered":"<p>El presidente Luis Arce exhort\u00f3 este mi\u00e9rcoles a la Organizaci\u00f3n Mundial del Comercio y a la Organizaci\u00f3n Mundial de Propiedad Intelectual a liberar las patentes de medicamentos y vacunas contra la covid-19 para un acceso equitativo de todos los pa\u00edses. Arce en su intervenci\u00f3n en la Cumbre Iberoamericana desarrollada de forma semipresencial en el Principado [&hellip;]<\/p>\n","protected":false},"author":4,"featured_media":5594,"comment_status":"open","ping_status":"open","sticky":false,"template":"","format":"standard","meta":{"footnotes":""},"categories":[20],"tags":[],"class_list":{"0":"post-5593","1":"post","2":"type-post","3":"status-publish","4":"format-standard","5":"has-post-thumbnail","7":"category-actualidad"},"_links":{"self":[{"href":"https:\/\/jms.com.bo\/mediamonitor\/wp-json\/wp\/v2\/posts\/5593","targetHints":{"allow":["GET"]}}],"collection":[{"href":"https:\/\/jms.com.bo\/mediamonitor\/wp-json\/wp\/v2\/posts"}],"about":[{"href":"https:\/\/jms.com.bo\/mediamonitor\/wp-json\/wp\/v2\/types\/post"}],"author":[{"embeddable":true,"href":"https:\/\/jms.com.bo\/mediamonitor\/wp-json\/wp\/v2\/users\/4"}],"replies":[{"embeddable":true,"href":"https:\/\/jms.com.bo\/mediamonitor\/wp-json\/wp\/v2\/comments?post=5593"}],"version-history":[{"count":1,"href":"https:\/\/jms.com.bo\/mediamonitor\/wp-json\/wp\/v2\/posts\/5593\/revisions"}],"predecessor-version":[{"id":5595,"href":"https:\/\/jms.com.bo\/mediamonitor\/wp-json\/wp\/v2\/posts\/5593\/revisions\/5595"}],"wp:featuredmedia":[{"embeddable":true,"href":"https:\/\/jms.com.bo\/mediamonitor\/wp-json\/wp\/v2\/media\/5594"}],"wp:attachment":[{"href":"https:\/\/jms.com.bo\/mediamonitor\/wp-json\/wp\/v2\/media?parent=5593"}],"wp:term":[{"taxonomy":"category","embeddable":true,"href":"https:\/\/jms.com.bo\/mediamonitor\/wp-json\/wp\/v2\/categories?post=5593"},{"taxonomy":"post_tag","embeddable":true,"href":"https:\/\/jms.com.bo\/mediamonitor\/wp-json\/wp\/v2\/tags?post=5593"}],"curies":[{"name":"wp","href":"https:\/\/api.w.org\/{rel}","templated":true}]}}