{"id":5599,"date":"2021-04-22T06:11:19","date_gmt":"2021-04-22T10:11:19","guid":{"rendered":"http:\/\/jms.com.bo\/mediamonitor\/?p=5599"},"modified":"2021-04-22T06:11:19","modified_gmt":"2021-04-22T10:11:19","slug":"creemos-de-camacho-le-gana-la-pulseta-al-mas-y-se-hace-de-la-presidencia-del-legislativo-cruceno","status":"publish","type":"post","link":"https:\/\/jms.com.bo\/mediamonitor\/2021\/04\/22\/creemos-de-camacho-le-gana-la-pulseta-al-mas-y-se-hace-de-la-presidencia-del-legislativo-cruceno\/","title":{"rendered":"Creemos de Camacho le gana la pulseta al MAS y se hace de la presidencia del Legislativo cruce\u00f1o"},"content":{"rendered":"<p style=\"text-align: justify;\">La agrupaci\u00f3n Creemos se hizo de la presidencia de la Asamblea Legislativa Departamental de Santa Cruz, pese a los intentos del MAS de formar un bloque de oposici\u00f3n con asamble\u00edstas ind\u00edgenas para presidir la directiva. Zvonko Matkovic es el presidente del ente deliberativo y anunci\u00f3 que su elecci\u00f3n respet\u00f3 las normas internas.<\/p>\n<p style=\"text-align: justify;\">Las sesiones preparatorias estuvieron marcadas por incidentes, entre ellos la filtraci\u00f3n de un audio en el que aparentemente un asamble\u00edsta del MAS habla de \u201cpinchar\u201d tel\u00e9fonos para saber qui\u00e9nes apoyan a Creemos del gobernador electo Luis Fernando Camacho, quien revel\u00f3 que acord\u00f3 con ind\u00edgenas.<\/p>\n<p style=\"text-align: justify;\">Clemente Ramos, jefe de bancada del MAS, evit\u00f3 hacer comentarios sobre el audio y denunci\u00f3 que los miembros de su bancada fueron \u201chostigados\u201d y que fueron perseguidos. No estuvieron en la sesi\u00f3n.<\/p>\n<p style=\"text-align: justify;\">Matkovic asegur\u00f3 que la sesi\u00f3n en la que fue electo se desarroll\u00f3 en el marco de la legalidad y el qu\u00f3rum respectivo.<\/p>\n<p style=\"text-align: justify;\">La agrupaci\u00f3n Creemos se hizo de la presidencia de la Asamblea Legislativa Departamental<br \/>\n\u201cAhora que hemos salido de este impasse queda sentarnos y trabajar en las leyes que proponga el Ejecutivo\u201d, anunci\u00f3 quien fuera uno de los acusados en el anulado caso Terrorismo, en el gobierno de la expresidenta Jeanine \u00c1\u00f1ez.<\/p>\n<p style=\"text-align: justify;\">La estrategia del MAS para hacerse de la presidencia del legislativo departamental no prosper\u00f3. Clemente inform\u00f3 el 14 de abril de la firma de un \u201cpacto de unidad\u201d con los asamble\u00edstas ind\u00edgenas para una gesti\u00f3n conjunta y entregarles la presidencia de la Asamblea Legislativa Departamental.<\/p>\n<p style=\"text-align: justify;\">Con el acuerdo, el MAS y los ind\u00edgenas sumaban 16 votos y la agrupaci\u00f3n Creemos de Camacho se queda como la bancada de minor\u00eda con 11 representaciones logradas en las subnaciones del 7 de marzo. Sin embargo, Creemos logr\u00f3 la mayor\u00eda para controlar el legislativo.<\/p>\n<p style=\"text-align: justify;\">Camacho acudi\u00f3 al Legislativo Departamental para felicitar a Matkovic, quien renunci\u00f3 a la suplencia en la Asamblea Legislativa Plurinacional para optar por un curul en las justas del 7 de marzo.<\/p>\n","protected":false},"excerpt":{"rendered":"<p>La agrupaci\u00f3n Creemos se hizo de la presidencia de la Asamblea Legislativa Departamental de Santa Cruz, pese a los intentos del MAS de formar un bloque de oposici\u00f3n con asamble\u00edstas ind\u00edgenas para presidir la directiva. Zvonko Matkovic es el presidente del ente deliberativo y anunci\u00f3 que su elecci\u00f3n respet\u00f3 las normas internas. Las sesiones preparatorias [&hellip;]<\/p>\n","protected":false},"author":4,"featured_media":5600,"comment_status":"open","ping_status":"open","sticky":false,"template":"","format":"standard","meta":{"footnotes":""},"categories":[18],"tags":[],"class_list":{"0":"post-5599","1":"post","2":"type-post","3":"status-publish","4":"format-standard","5":"has-post-thumbnail","7":"category-politica"},"_links":{"self":[{"href":"https:\/\/jms.com.bo\/mediamonitor\/wp-json\/wp\/v2\/posts\/5599","targetHints":{"allow":["GET"]}}],"collection":[{"href":"https:\/\/jms.com.bo\/mediamonitor\/wp-json\/wp\/v2\/posts"}],"about":[{"href":"https:\/\/jms.com.bo\/mediamonitor\/wp-json\/wp\/v2\/types\/post"}],"author":[{"embeddable":true,"href":"https:\/\/jms.com.bo\/mediamonitor\/wp-json\/wp\/v2\/users\/4"}],"replies":[{"embeddable":true,"href":"https:\/\/jms.com.bo\/mediamonitor\/wp-json\/wp\/v2\/comments?post=5599"}],"version-history":[{"count":1,"href":"https:\/\/jms.com.bo\/mediamonitor\/wp-json\/wp\/v2\/posts\/5599\/revisions"}],"predecessor-version":[{"id":5601,"href":"https:\/\/jms.com.bo\/mediamonitor\/wp-json\/wp\/v2\/posts\/5599\/revisions\/5601"}],"wp:featuredmedia":[{"embeddable":true,"href":"https:\/\/jms.com.bo\/mediamonitor\/wp-json\/wp\/v2\/media\/5600"}],"wp:attachment":[{"href":"https:\/\/jms.com.bo\/mediamonitor\/wp-json\/wp\/v2\/media?parent=5599"}],"wp:term":[{"taxonomy":"category","embeddable":true,"href":"https:\/\/jms.com.bo\/mediamonitor\/wp-json\/wp\/v2\/categories?post=5599"},{"taxonomy":"post_tag","embeddable":true,"href":"https:\/\/jms.com.bo\/mediamonitor\/wp-json\/wp\/v2\/tags?post=5599"}],"curies":[{"name":"wp","href":"https:\/\/api.w.org\/{rel}","templated":true}]}}