{"id":5602,"date":"2021-04-22T06:13:25","date_gmt":"2021-04-22T10:13:25","guid":{"rendered":"http:\/\/jms.com.bo\/mediamonitor\/?p=5602"},"modified":"2021-04-22T06:13:25","modified_gmt":"2021-04-22T10:13:25","slug":"luis-almagro-recibira-este-jueves-a-la-mision-de-diputados-opositores-que-viajo-a-eeuu","status":"publish","type":"post","link":"https:\/\/jms.com.bo\/mediamonitor\/2021\/04\/22\/luis-almagro-recibira-este-jueves-a-la-mision-de-diputados-opositores-que-viajo-a-eeuu\/","title":{"rendered":"Luis Almagro recibir\u00e1 este jueves a la misi\u00f3n de diputados opositores que viaj\u00f3 a EEUU"},"content":{"rendered":"<p style=\"text-align: justify;\">El secretario general de la Organizaci\u00f3n de Estados Americanos (OEA), Luis Almagro, recibir\u00e1 este jueves en su despacho a la misi\u00f3n de legisladores de Creemos y Comunidad Ciudadana que viaj\u00f3 hasta EEUU para presentar ante organismos internacionales una denuncia orientada a la crisis pol\u00edtica que atraviesa Bolivia, la cual da a \u00abconocer la violaci\u00f3n de derechos humanos y la persecuci\u00f3n pol\u00edtica iniciada por el Gobierno de Luis Arce Catacora\u00bb.<\/p>\n<p style=\"text-align: justify;\">En un contacto con EL DEBER, el diputado Erwin Baz\u00e1n (Creemos) confirm\u00f3 que Luis Almagro recibir\u00e1 a la misi\u00f3n de legisladores este jueves, donde sostendr\u00e1n una entrevista presencial, pese a que las oficinas de la OEA est\u00e1n cerradas por la emergencia sanitaria del Covid-19.<\/p>\n<p style=\"text-align: justify;\">Uno de los objetivos es entregar de manera personal y en formato f\u00edsico la denuncia, con los respectivos respaldos documentales para que los organismos internacionales, a los que se sumar\u00eda la Comisi\u00f3n Interamericana de Derechos Humanos (CIDH), tengan pleno conocimiento del caso.<\/p>\n<p style=\"text-align: justify;\">\u00abNo solo venimos a compartir oralmente las experiencias, sino con abundante informaci\u00f3n ampliamente documentada de las violaciones a derechos humanos en Bolivia, de la arbitrariedad e ilegalidad con que se va procediendo desde el poder pol\u00edtico (del MAS), usando la Justicia en nuestro pa\u00eds\u00bb, precis\u00f3 Baz\u00e1n, a tiempo de exponer que hay expectativas para que los organismos activen sus mecanismos en la protecci\u00f3n de derechos humanos.<\/p>\n<p style=\"text-align: justify;\">El legislador sostuvo que una vez concluya la reuni\u00f3n con Almagro brindar\u00e1n una conferencia de prensa para dar a conocer los pormenores de la reuni\u00f3n que se llevar\u00e1 adelante en la sede de la OEA.<\/p>\n<p style=\"text-align: justify;\">Baz\u00e1n adelant\u00f3 que ya se gestaron reuniones con representantes de la Comisi\u00f3n Interamericana de Derechos Humanos (CIDH) y de Human Rights Watch. Calific\u00f3 que hubo un recibimiento muy emp\u00e1tico a la exposici\u00f3n y argumentos de los parlamentarios, y los organismos hicieron precisiones sobre la importancia de los derechos humanos.<\/p>\n<p style=\"text-align: justify;\">\u00abEn ambas instituciones hemos encontrado enorme preocupaci\u00f3n por la crisis pol\u00edtica e institucional en Bolivia. Un punto de amplia coinidencia tienen que ver con la falta de independencia del \u00d3rgano Judicial, la discrecionalidad y arbitrariedad con que act\u00faa y la vulneraci\u00f3n del principio de legalidad\u00bb, expres\u00f3 la diputada Luis Nayar (CC).<\/p>\n<p style=\"text-align: justify;\">La CIDH acept\u00f3 la presentaci\u00f3n de pruebas documentales referidas a ala persecuci\u00f3n pol\u00edtica y la violaci\u00f3n de derechos humanos, al igual que ven que no existe el derecho humano a la reelecci\u00f3n indefinida y esto se remitir\u00eda a la Corte Interamericana de Derechos Humanos, seg\u00fan el reporte.<\/p>\n<p style=\"text-align: justify;\">\u00abEntendemos que esto puede poner nervioso al MAS. Esto no es poco, es bastante el hacer conocer no solo de palabra, sino tambi\u00e9n con documentaci\u00f3n legal esta denuncia\u00bb, subray\u00f3 Baz\u00e1n, agregando que hubo una pronta reacci\u00f3n de la oposici\u00f3n para reflejar y denunciar ante la comunidad internacional el proceso acelerado del deterioro de las libertades democr\u00e1ticas en Bolivia<\/p>\n<p style=\"text-align: justify;\">El contenido de la denuncia<\/p>\n<p style=\"text-align: justify;\">Primero denunciar\u00e1n la ejecuci\u00f3n de acciones \u00abilegales y arbitrarias\u00bb de persecuci\u00f3n pol\u00edtica a l\u00edderes opositores, polic\u00edas, militares y otras personas de la sociedad civil, por el Gobierno de Luis Arce, vulnerando los derechos humanos fundamentales y que han derivado en detenciones preventivas. Esto, seg\u00fan la denuncia, vulnera normas de derecho internacional y garant\u00edas internacionales, como el debido proceso, la presunci\u00f3n de inocencia y otros.<\/p>\n<p style=\"text-align: justify;\">Como segundo punto, denunciar\u00e1n la influencia del partido pol\u00edtico gobernante (el MAS) en el \u00d3rgano Judicial, su falta de independencia, transparencia institucional y corrupci\u00f3n del mismo.<\/p>\n<p style=\"text-align: justify;\">Como tercer punto est\u00e1 la vulneraci\u00f3n del orden democr\u00e1tico en Bolivia.<\/p>\n<p style=\"text-align: justify;\">Una cuarta denuncia se refiere a la creaci\u00f3n de una falsa narrativa de un supuesto &#8216;golpe de Estado&#8217; con relaci\u00f3n a los hechos registrados en 2019 tras la renuncia de Evo Morales a la presidencia.<\/p>\n<p style=\"text-align: justify;\">Y finalmente, el cambio considerado arbitrario del reglamento en ambas C\u00e1maras: de dos tercios a mayor\u00eda simple, vulnerando el precepto de participaci\u00f3n democr\u00e1tica por las diversas formas de pensamiento representadas en la Asamblea Legislativa Plurinacional.<\/p>\n<p style=\"text-align: justify;\">La informaci\u00f3n que se genere del viaje ser\u00e1 comunicada por intermedio de uno o dos voceros a nombre de todos los asamble\u00edstas. \u00abConsideramos de alta importancia este viaje, buscamos solo el respeto a los derechos humanos y sus garant\u00edas, dentro del \u00e1mbito democr\u00e1tico e internacional\u00bb, manifest\u00f3 la senadora Centa Rek.<\/p>\n","protected":false},"excerpt":{"rendered":"<p>El secretario general de la Organizaci\u00f3n de Estados Americanos (OEA), Luis Almagro, recibir\u00e1 este jueves en su despacho a la misi\u00f3n de legisladores de Creemos y Comunidad Ciudadana que viaj\u00f3 hasta EEUU para presentar ante organismos internacionales una denuncia orientada a la crisis pol\u00edtica que atraviesa Bolivia, la cual da a \u00abconocer la violaci\u00f3n de [&hellip;]<\/p>\n","protected":false},"author":4,"featured_media":5603,"comment_status":"open","ping_status":"open","sticky":false,"template":"","format":"standard","meta":{"footnotes":""},"categories":[18],"tags":[],"class_list":{"0":"post-5602","1":"post","2":"type-post","3":"status-publish","4":"format-standard","5":"has-post-thumbnail","7":"category-politica"},"_links":{"self":[{"href":"https:\/\/jms.com.bo\/mediamonitor\/wp-json\/wp\/v2\/posts\/5602","targetHints":{"allow":["GET"]}}],"collection":[{"href":"https:\/\/jms.com.bo\/mediamonitor\/wp-json\/wp\/v2\/posts"}],"about":[{"href":"https:\/\/jms.com.bo\/mediamonitor\/wp-json\/wp\/v2\/types\/post"}],"author":[{"embeddable":true,"href":"https:\/\/jms.com.bo\/mediamonitor\/wp-json\/wp\/v2\/users\/4"}],"replies":[{"embeddable":true,"href":"https:\/\/jms.com.bo\/mediamonitor\/wp-json\/wp\/v2\/comments?post=5602"}],"version-history":[{"count":1,"href":"https:\/\/jms.com.bo\/mediamonitor\/wp-json\/wp\/v2\/posts\/5602\/revisions"}],"predecessor-version":[{"id":5604,"href":"https:\/\/jms.com.bo\/mediamonitor\/wp-json\/wp\/v2\/posts\/5602\/revisions\/5604"}],"wp:featuredmedia":[{"embeddable":true,"href":"https:\/\/jms.com.bo\/mediamonitor\/wp-json\/wp\/v2\/media\/5603"}],"wp:attachment":[{"href":"https:\/\/jms.com.bo\/mediamonitor\/wp-json\/wp\/v2\/media?parent=5602"}],"wp:term":[{"taxonomy":"category","embeddable":true,"href":"https:\/\/jms.com.bo\/mediamonitor\/wp-json\/wp\/v2\/categories?post=5602"},{"taxonomy":"post_tag","embeddable":true,"href":"https:\/\/jms.com.bo\/mediamonitor\/wp-json\/wp\/v2\/tags?post=5602"}],"curies":[{"name":"wp","href":"https:\/\/api.w.org\/{rel}","templated":true}]}}