{"id":56024,"date":"2023-08-10T06:53:33","date_gmt":"2023-08-10T10:53:33","guid":{"rendered":"https:\/\/jms.com.bo\/mediamonitor\/2023\/08\/10\/motor-de-la-economia-mundial-pierde-fuerza-en-sus-exportaciones\/"},"modified":"2023-08-10T06:53:33","modified_gmt":"2023-08-10T10:53:33","slug":"motor-de-la-economia-mundial-pierde-fuerza-en-sus-exportaciones","status":"publish","type":"post","link":"https:\/\/jms.com.bo\/mediamonitor\/2023\/08\/10\/motor-de-la-economia-mundial-pierde-fuerza-en-sus-exportaciones\/","title":{"rendered":"Motor de la econom\u00eda mundial pierde fuerza en sus exportaciones"},"content":{"rendered":"<p style=\"text-align: justify;\">Las exportaciones de China van en ca\u00edda y con ello se acerca el fantasma de la recesi\u00f3n sobre el gigante asi\u00e1tico. El pa\u00eds es el principal motor de la econom\u00eda mundial, no s\u00f3lo por sus ventas sino por la compra de materia prima. Bolivia tiene un d\u00e9ficit comercial de m\u00e1s de 1.000 millones de d\u00f3lares.<\/p>\n<p style=\"text-align: justify;\">De acuerdo a informaci\u00f3n internacional, las ventas al exterior de China descendieron un 14,5% frente al mismo mes del a\u00f1o anterior y el super\u00e1vit comercial tambi\u00e9n fue afectado, registr\u00f3 una reducci\u00f3n interanual del 15,7%.<\/p>\n<p style=\"text-align: justify;\">Medios internacionales en su momento indicaron que el gigante asi\u00e1tico habr\u00eda ingresado en una recesi\u00f3n en los primeros meses de la presente gesti\u00f3n y que la situaci\u00f3n no cambiar\u00eda en los pr\u00f3ximos meses, sino todo lo contrario, podr\u00eda empeorar.<\/p>\n<p style=\"text-align: justify;\">Ante ese panorama adverso las autoridades chinas han trabajado en fortalecer su mercado interno, que no ha sido desarrollado, sino se dedicaron m\u00e1s a la exportaci\u00f3n que a la venta interna.<\/p>\n<p style=\"text-align: justify;\">As\u00ed lo se\u00f1ala el periodista Jing Xuan Teng, publicado en infobae.com, que se\u00f1ala que los datos probablemente intensificar\u00e1n los llamados a los l\u00edderes para que hagan m\u00e1s por reactivar el crecimiento, tras haber presentado en las \u00faltimas semanas una serie de medidas de est\u00edmulo centradas en los consumidores y en el problem\u00e1tico sector inmobiliario.<\/p>\n<p style=\"text-align: justify;\">Las ventas de productos chinos a mercados extranjeros cayeron un 14,5% interanual el mes pasado, la tercera ca\u00edda consecutiva, seg\u00fan la autoridad aduanera.<\/p>\n<p style=\"text-align: justify;\">El descenso fue mayor de lo esperado y el m\u00e1s fuerte desde la ca\u00edda del 17,2% registrada en enero-febrero de 2020, cuando la econom\u00eda se paraliz\u00f3 en las primeras semanas de la pandemia del virus covid-19, se\u00f1ala la publicaci\u00f3n.<\/p>\n<p style=\"text-align: justify;\">Aparte de un breve repunte en marzo y abril, las exportaciones han estado en constante descenso desde octubre.<\/p>\n<p style=\"text-align: justify;\">La amenaza de recesi\u00f3n en Estados Unidos y Europa, unida a la elevada inflaci\u00f3n, ha contribuido a debilitar la demanda internacional de productos chinos en los \u00faltimos meses.<br \/>\nLos env\u00edos a la Uni\u00f3n Europea en los siete primeros meses del a\u00f1o ascendieron a 2,08 billones de yuanes (288.900 millones de d\u00f3lares), un 2,6% menos, seg\u00fan inform\u00f3 la autoridad aduanera en otro comunicado.<\/p>\n<p style=\"text-align: justify;\">Por su parte, las importaciones se redujeron un 12,4%, un noveno mes consecutivo de contracci\u00f3n y una prueba m\u00e1s de que la demanda interna ha ca\u00eddo en picada.<\/p>\n","protected":false},"excerpt":{"rendered":"<p>Las exportaciones de China van en ca\u00edda y con ello se acerca el fantasma de la recesi\u00f3n sobre el gigante asi\u00e1tico. El pa\u00eds es el principal motor de la econom\u00eda mundial, no s\u00f3lo por sus ventas sino por la compra de materia prima. Bolivia tiene un d\u00e9ficit comercial de m\u00e1s de 1.000 millones de d\u00f3lares. [&hellip;]<\/p>\n","protected":false},"author":4,"featured_media":56025,"comment_status":"open","ping_status":"closed","sticky":false,"template":"","format":"standard","meta":{"footnotes":""},"categories":[25],"tags":[],"class_list":{"0":"post-56024","1":"post","2":"type-post","3":"status-publish","4":"format-standard","5":"has-post-thumbnail","7":"category-economia"},"_links":{"self":[{"href":"https:\/\/jms.com.bo\/mediamonitor\/wp-json\/wp\/v2\/posts\/56024","targetHints":{"allow":["GET"]}}],"collection":[{"href":"https:\/\/jms.com.bo\/mediamonitor\/wp-json\/wp\/v2\/posts"}],"about":[{"href":"https:\/\/jms.com.bo\/mediamonitor\/wp-json\/wp\/v2\/types\/post"}],"author":[{"embeddable":true,"href":"https:\/\/jms.com.bo\/mediamonitor\/wp-json\/wp\/v2\/users\/4"}],"replies":[{"embeddable":true,"href":"https:\/\/jms.com.bo\/mediamonitor\/wp-json\/wp\/v2\/comments?post=56024"}],"version-history":[{"count":0,"href":"https:\/\/jms.com.bo\/mediamonitor\/wp-json\/wp\/v2\/posts\/56024\/revisions"}],"wp:featuredmedia":[{"embeddable":true,"href":"https:\/\/jms.com.bo\/mediamonitor\/wp-json\/wp\/v2\/media\/56025"}],"wp:attachment":[{"href":"https:\/\/jms.com.bo\/mediamonitor\/wp-json\/wp\/v2\/media?parent=56024"}],"wp:term":[{"taxonomy":"category","embeddable":true,"href":"https:\/\/jms.com.bo\/mediamonitor\/wp-json\/wp\/v2\/categories?post=56024"},{"taxonomy":"post_tag","embeddable":true,"href":"https:\/\/jms.com.bo\/mediamonitor\/wp-json\/wp\/v2\/tags?post=56024"}],"curies":[{"name":"wp","href":"https:\/\/api.w.org\/{rel}","templated":true}]}}