{"id":56047,"date":"2023-08-10T07:20:39","date_gmt":"2023-08-10T11:20:39","guid":{"rendered":"https:\/\/jms.com.bo\/mediamonitor\/2023\/08\/10\/tariquia-en-chiquiaca-rechazan-el-ingreso-de-petrobras-temen-por-el-agua\/"},"modified":"2023-08-10T07:20:39","modified_gmt":"2023-08-10T11:20:39","slug":"tariquia-en-chiquiaca-rechazan-el-ingreso-de-petrobras-temen-por-el-agua","status":"publish","type":"post","link":"https:\/\/jms.com.bo\/mediamonitor\/2023\/08\/10\/tariquia-en-chiquiaca-rechazan-el-ingreso-de-petrobras-temen-por-el-agua\/","title":{"rendered":"Tariqu\u00eda: En Chiquiac\u00e1 rechazan el ingreso de Petrobras, temen por el agua"},"content":{"rendered":"<p style=\"text-align: justify;\">Comunarios del cant\u00f3n Chiquiac\u00e1, en la Reserva Natural de Flora y Fauna Tariqu\u00eda, llegaron hasta la ciudad de Tarija para manifestarse en contra de los planes de exploraci\u00f3n de Yacimientos Petrol\u00edferos Bolivianos (YPFB) junto con la petrolera brasile\u00f1a Petrobras, en el \u00e1rea conocida como Domo Oso-X3.<\/p>\n<p style=\"text-align: justify;\">Los comunarios expresaron su preocupaci\u00f3n por los posibles impactos ambientales y la contaminaci\u00f3n que podr\u00eda resultar de estas operaciones y hacen un llamado a la unidad para proteger sus recursos h\u00eddricos.<\/p>\n<p style=\"text-align: justify;\">El principal temor de la comunidad radica en la contaminaci\u00f3n del agua, un recurso fundamental para su sustento y bienestar. Vidal Jimenez, en entrevista con los medios, comparti\u00f3 la preocupaci\u00f3n entre los habitantes de la zona y subray\u00f3 la importancia de la colaboraci\u00f3n tanto de las \u00e1reas urbanas como rurales para salvaguardar este recurso vital.<\/p>\n<p style=\"text-align: justify;\">Si bien el pozo Domo Oso-X3, ubicado en la comunidad de Saica, no est\u00e1 dentro del \u00e1rea protegida de Tariqu\u00eda, los comunarios aseguran que se encuentra en la zona de amortiguamiento. Esto significa que la actividad de exploraci\u00f3n podr\u00eda tener un impacto directo en las fuentes de agua que abastecen a diversas comunidades en la regi\u00f3n, incluyendo a Tarija en general.<\/p>\n<p style=\"text-align: justify;\">\u00abEl aire, el agua, los alimentos y todo es \u00fatil para toda la poblaci\u00f3n, sin ver color pol\u00edtico ni nada\u00bb, expres\u00f3 el comunario, a tiempo de informar que la comunidad de Chiquiac\u00e1 est\u00e1 organizando una resistencia contra la exploraci\u00f3n hidrocarbur\u00edfera anunciada en Domo Oso-X3.<\/p>\n<p style=\"text-align: justify;\">Francisco L\u00f3pez, vicepresidente del Comit\u00e9 de Gesti\u00f3n y miembro de la subcentral Tariqu\u00eda, lament\u00f3 que el Gobierno nuevamente intente ingresar a la Reserva junto a Petrobras.<\/p>\n<p style=\"text-align: justify;\">\u201cEn 2018, Chiquiac\u00e1 con las comunidades de la subcentral Tariqu\u00eda expulsaron a Petrobras del bloque San Telmo norte, espec\u00edficamente del pozo Domo Oso-X1 y X2, pero ahora instalaron su maquinaria, equipos y log\u00edstica a orillas de la reserva, afuera del \u00e1rea de amortiguaci\u00f3n con el Domo Oso-X3\u201d, asegur\u00f3.<\/p>\n<p style=\"text-align: justify;\">L\u00f3pez detall\u00f3 que Tariqu\u00eda es una reserva que tiene las cabeceras de las cuencas en Chiquiac\u00e1, es una zona semih\u00fameda, rica en fauna y flora, que podr\u00edan estar en riesgo con las actividades hidrocarbur\u00edferas.<\/p>\n<p style=\"text-align: justify;\">\u201cPor eso los compa\u00f1eros est\u00e1n preocupados, muy molestos y han afirmado que no van a permitir el ingreso (de las petroleras)\u201d, recalc\u00f3.<\/p>\n<p style=\"text-align: justify;\">Los l\u00edderes de las comunidades sostienen que el Gobierno nacional, a trav\u00e9s de YPFB, el a\u00f1o pasado inici\u00f3 un ingreso violento a la Reserva a trav\u00e9s del lado m\u00e1s d\u00e9bil, como es la parte sur, en la zona de El Caj\u00f3n, donde se impuso por la fuerza el proyecto exploratorio Astilleros X1.<\/p>\n<p style=\"text-align: justify;\">\u201cA partir de este proyecto que ya se encuentra operando, ha avanzado hacia la zona n\u00facleo de la Reserva, con el proyecto exploratorio Churumas. Y ahora est\u00e1 avanzando con la empresa Petrobras el proyecto Domo Oso X1, en el bloque San Telmo Norte, amenazando a las comunidades de Chiquiac\u00e1 y alrededores\u201d, advirtieron.<\/p>\n<p style=\"text-align: justify;\">Cuestionan que el Gobierno no respete la Constituci\u00f3n Pol\u00edtica del Estado en relaci\u00f3n a la consulta previa libre e informada. \u201cNo cumple con sus obligaciones de respetar los derechos de las comunidades, al presionarlas a aceptar estos proyectos, dividirlas, chantajearlas y no proveer oportunamente informaci\u00f3n completa y verificable sobre los impactos ambientales y sociales de estas actividades\u201d.<\/p>\n<p style=\"text-align: justify;\">Ejecutivos de Petrobras llegar\u00e1n a Bolivia<\/p>\n<p style=\"text-align: justify;\">Una comitiva de alto nivel de Petrobras llegar\u00e1 a La Paz, en aproximadamente 15 d\u00edas, para analizar con la estatal YPFB la demanda de gas natural de Brasil, fertilizantes e inversiones en exploraci\u00f3n, entre varios otros temas que forman parte de la agenda energ\u00e9tica bilateral, inform\u00f3 el ministro de Hidrocarburos, Franklin Molina, seg\u00fan la Agencia Boliviana de Informaci\u00f3n.<\/p>\n<p style=\"text-align: justify;\">\u201cEstos aspectos y otros relativos a fertilizantes y las plantas que tienen en Tr\u00eas Lagoas \u2014que seguramente requerir\u00e1 gas adicional\u2014 es parte del trabajo conjunto que evaluar\u00e1 con YPFB\u201d, manifest\u00f3 Molina, citado en un reporte de prensa.<\/p>\n<p style=\"text-align: justify;\">Brasil habr\u00eda expresado su inter\u00e9s de continuar con la compra de gas boliviano, adem\u00e1s de invertir en proyectos de exploraci\u00f3n, aunque no se hacen menci\u00f3n a qu\u00e9 proyectos espec\u00edficamente.<\/p>\n<p style=\"text-align: justify;\">De todas maneras, la estatal petrolera ya present\u00f3 la cartera de proyectos de exploraci\u00f3n, que ser\u00e1 analizada en el encuentro con Petrobras.<\/p>\n","protected":false},"excerpt":{"rendered":"<p>Comunarios del cant\u00f3n Chiquiac\u00e1, en la Reserva Natural de Flora y Fauna Tariqu\u00eda, llegaron hasta la ciudad de Tarija para manifestarse en contra de los planes de exploraci\u00f3n de Yacimientos Petrol\u00edferos Bolivianos (YPFB) junto con la petrolera brasile\u00f1a Petrobras, en el \u00e1rea conocida como Domo Oso-X3. Los comunarios expresaron su preocupaci\u00f3n por los posibles impactos [&hellip;]<\/p>\n","protected":false},"author":4,"featured_media":56048,"comment_status":"open","ping_status":"closed","sticky":false,"template":"","format":"standard","meta":{"footnotes":""},"categories":[40,23,48,43],"tags":[],"class_list":{"0":"post-56047","1":"post","2":"type-post","3":"status-publish","4":"format-standard","5":"has-post-thumbnail","7":"category-bolivia","8":"category-hidrocarburos","9":"category-portada-general-sitio","10":"category-portada-oil-gas"},"_links":{"self":[{"href":"https:\/\/jms.com.bo\/mediamonitor\/wp-json\/wp\/v2\/posts\/56047","targetHints":{"allow":["GET"]}}],"collection":[{"href":"https:\/\/jms.com.bo\/mediamonitor\/wp-json\/wp\/v2\/posts"}],"about":[{"href":"https:\/\/jms.com.bo\/mediamonitor\/wp-json\/wp\/v2\/types\/post"}],"author":[{"embeddable":true,"href":"https:\/\/jms.com.bo\/mediamonitor\/wp-json\/wp\/v2\/users\/4"}],"replies":[{"embeddable":true,"href":"https:\/\/jms.com.bo\/mediamonitor\/wp-json\/wp\/v2\/comments?post=56047"}],"version-history":[{"count":0,"href":"https:\/\/jms.com.bo\/mediamonitor\/wp-json\/wp\/v2\/posts\/56047\/revisions"}],"wp:featuredmedia":[{"embeddable":true,"href":"https:\/\/jms.com.bo\/mediamonitor\/wp-json\/wp\/v2\/media\/56048"}],"wp:attachment":[{"href":"https:\/\/jms.com.bo\/mediamonitor\/wp-json\/wp\/v2\/media?parent=56047"}],"wp:term":[{"taxonomy":"category","embeddable":true,"href":"https:\/\/jms.com.bo\/mediamonitor\/wp-json\/wp\/v2\/categories?post=56047"},{"taxonomy":"post_tag","embeddable":true,"href":"https:\/\/jms.com.bo\/mediamonitor\/wp-json\/wp\/v2\/tags?post=56047"}],"curies":[{"name":"wp","href":"https:\/\/api.w.org\/{rel}","templated":true}]}}