{"id":56097,"date":"2023-08-11T06:18:33","date_gmt":"2023-08-11T10:18:33","guid":{"rendered":"https:\/\/jms.com.bo\/mediamonitor\/2023\/08\/11\/viejas-enfermedades-acechan-por-la-falta-de-vacunacion-a-ninos\/"},"modified":"2023-08-11T06:18:33","modified_gmt":"2023-08-11T10:18:33","slug":"viejas-enfermedades-acechan-por-la-falta-de-vacunacion-a-ninos","status":"publish","type":"post","link":"https:\/\/jms.com.bo\/mediamonitor\/2023\/08\/11\/viejas-enfermedades-acechan-por-la-falta-de-vacunacion-a-ninos\/","title":{"rendered":"Viejas enfermedades acechan por la falta de vacunaci\u00f3n a ni\u00f1os"},"content":{"rendered":"<p style=\"text-align: justify;\">Los bajos \u00edndices de cobertura de vacunaci\u00f3n en ni\u00f1os menores a 5 a\u00f1os han hecho resurgir viejas enfermedades en departamentos del interior del pa\u00eds. La preocupaci\u00f3n en autoridades de salud de Tarija es evidente, pues advierten que al octavo mes de la gesti\u00f3n 2023, el promedio de cobertura es de apenas el 29% de la poblaci\u00f3n, cuando las proyecciones eran superar el 50% para esta fecha.<\/p>\n<p style=\"text-align: justify;\">Ya en la gesti\u00f3n 2022, el Programa Ampliado de Inmunizaci\u00f3n (PAI) advert\u00eda que la cobertura en vacunaci\u00f3n ven\u00eda en picada desde la gesti\u00f3n 2016, pero se agudiz\u00f3 m\u00e1s entre la gesti\u00f3n 2020 y 2021 con la llegada de la pandemia del Covid-19.<\/p>\n<p style=\"text-align: justify;\">Indicaba que durante esos a\u00f1os de pandemia, los menores de 5 a\u00f1os hab\u00edan dejado de recibir las dosis contra enfermedades como la tuberculosis (Bcg), poliomielitis y sarampi\u00f3n (Srp), t\u00e9tanos, tosferina y la influenza (pentavalente), neumococo, fiebre amarilla (FA), rubeola, parotiditis y difteria.<\/p>\n<p style=\"text-align: justify;\">La responsable del PAI en Tarija, Alicia Alem\u00e1n, se\u00f1al\u00f3 que pese a los esfuerzos que se han hecho desde el Servicio Departamental de Salud (Sedes) por lograr completar el esquema de vacunaci\u00f3n en ni\u00f1os menores a 5 a\u00f1os, la cobertura sigue siendo baja.<\/p>\n<p style=\"text-align: justify;\">\u201cNosotros estamos sumamente preocupados, en este momento estamos haciendo hasta lo imposible por poder vacunar, pero vemos que lamentablemente a\u00fan repercuten las consecuencias de la pandemia, porque hay familias que tienen sus ni\u00f1os, pero no est\u00e1n acudiendo a los establecimientos de salud\u201d, expuso.<\/p>\n<p style=\"text-align: justify;\">Se ha coordinado con los gobiernos municipales y redes de salud, para que pueda procederse con tareas de rastrillaje para la identificaci\u00f3n casa por casa a menores que les falte ciertas vacunas<br \/>\nAlem\u00e1n mencion\u00f3 que por m\u00e1s estrategias que pretenda implementar el \u00e1rea de salud, todo esto tambi\u00e9n depende de la decisi\u00f3n de los padres de familia por hacer vacunar a sus ni\u00f1os.<\/p>\n<p style=\"text-align: justify;\">Enfermedades al acecho<\/p>\n<p style=\"text-align: justify;\">Tomando en cuenta que en departamentos como Santa Cruz, Beni y La Paz se han diagnosticado casos de meningitis, tosferina o coqueluche, la responsable del PAI en Tarija hace \u00e9nfasis en que hay preocupaci\u00f3n por lo que vaya a suceder principalmente en la Regi\u00f3n Aut\u00f3noma del Chaco, que es una de las zonas que registra un mayor \u00edndice de migraci\u00f3n de personas desde Santa Cruz.<\/p>\n<p style=\"text-align: justify;\">\u201cPero no solamente es el Chaco, porque a partir de ah\u00ed el nexo es con la capital chapaca hasta llegar a la otra frontera que es Bermejo. Esto es muy preocupante, por eso pedimos a los padres de familia que puedan llevar a sus ni\u00f1os a hacer vacunar en los establecimientos de salud m\u00e1s cercanos\u201d, expuso.<\/p>\n<p style=\"text-align: justify;\">Alem\u00e1n mencion\u00f3 que al analizar la cobertura de vacunaci\u00f3n por municipios, la situaci\u00f3n es cr\u00edtica, ya que se puede evidenciar que las regiones con mayor carga poblacional como Cercado, Yacuiba, Bermejo y Villa Montes, los indicadores son bajos.<\/p>\n<p style=\"text-align: justify;\">Frente a esta situaci\u00f3n, manifest\u00f3 que se ha coordinado con los gobiernos municipales y redes de salud, para que pueda procederse con tareas de rastrillaje para la identificaci\u00f3n casa por casa a menores que les falte ciertas vacunas.<\/p>\n<p style=\"text-align: justify;\">El Pa\u00eds intent\u00f3 conocer cu\u00e1l es la situaci\u00f3n de la vacunaci\u00f3n con las familias del \u00e1rea rural del departamento de Tarija. Sin embargo, los dirigentes indicaron no tener la representaci\u00f3n oficial para hablar a nombre de la Federaci\u00f3n Campesina de Tarija, aunque reconocieron que en cuesti\u00f3n de salud existen muchas deficiencias en las comunidades campesinas, las cuales pasan desde la falta de condiciones de infraestructura, insumos y medicamentos, adem\u00e1s de la falta de profesionales en salud.<\/p>\n<p style=\"text-align: justify;\">En esa misma l\u00ednea, se busc\u00f3 conocer con la Federaci\u00f3n Departamental de Juntas Vecinales (Fedjuve), si existe alg\u00fan tipo de coordinaci\u00f3n en el \u00e1rea urbana para las campa\u00f1as de vacunaci\u00f3n, pero no se tuvo respuesta alguna.<\/p>\n","protected":false},"excerpt":{"rendered":"<p>Los bajos \u00edndices de cobertura de vacunaci\u00f3n en ni\u00f1os menores a 5 a\u00f1os han hecho resurgir viejas enfermedades en departamentos del interior del pa\u00eds. La preocupaci\u00f3n en autoridades de salud de Tarija es evidente, pues advierten que al octavo mes de la gesti\u00f3n 2023, el promedio de cobertura es de apenas el 29% de la [&hellip;]<\/p>\n","protected":false},"author":4,"featured_media":56098,"comment_status":"open","ping_status":"closed","sticky":false,"template":"","format":"standard","meta":{"footnotes":""},"categories":[53],"tags":[],"class_list":{"0":"post-56097","1":"post","2":"type-post","3":"status-publish","4":"format-standard","5":"has-post-thumbnail","7":"category-salud"},"_links":{"self":[{"href":"https:\/\/jms.com.bo\/mediamonitor\/wp-json\/wp\/v2\/posts\/56097","targetHints":{"allow":["GET"]}}],"collection":[{"href":"https:\/\/jms.com.bo\/mediamonitor\/wp-json\/wp\/v2\/posts"}],"about":[{"href":"https:\/\/jms.com.bo\/mediamonitor\/wp-json\/wp\/v2\/types\/post"}],"author":[{"embeddable":true,"href":"https:\/\/jms.com.bo\/mediamonitor\/wp-json\/wp\/v2\/users\/4"}],"replies":[{"embeddable":true,"href":"https:\/\/jms.com.bo\/mediamonitor\/wp-json\/wp\/v2\/comments?post=56097"}],"version-history":[{"count":0,"href":"https:\/\/jms.com.bo\/mediamonitor\/wp-json\/wp\/v2\/posts\/56097\/revisions"}],"wp:featuredmedia":[{"embeddable":true,"href":"https:\/\/jms.com.bo\/mediamonitor\/wp-json\/wp\/v2\/media\/56098"}],"wp:attachment":[{"href":"https:\/\/jms.com.bo\/mediamonitor\/wp-json\/wp\/v2\/media?parent=56097"}],"wp:term":[{"taxonomy":"category","embeddable":true,"href":"https:\/\/jms.com.bo\/mediamonitor\/wp-json\/wp\/v2\/categories?post=56097"},{"taxonomy":"post_tag","embeddable":true,"href":"https:\/\/jms.com.bo\/mediamonitor\/wp-json\/wp\/v2\/tags?post=56097"}],"curies":[{"name":"wp","href":"https:\/\/api.w.org\/{rel}","templated":true}]}}