{"id":56105,"date":"2023-08-11T06:23:54","date_gmt":"2023-08-11T10:23:54","guid":{"rendered":"https:\/\/jms.com.bo\/mediamonitor\/2023\/08\/11\/priorizan-apoyo-a-indigenas-por-crisis-del-pilcomayo-y-la-sequia\/"},"modified":"2023-08-11T06:23:54","modified_gmt":"2023-08-11T10:23:54","slug":"priorizan-apoyo-a-indigenas-por-crisis-del-pilcomayo-y-la-sequia","status":"publish","type":"post","link":"https:\/\/jms.com.bo\/mediamonitor\/2023\/08\/11\/priorizan-apoyo-a-indigenas-por-crisis-del-pilcomayo-y-la-sequia\/","title":{"rendered":"Priorizan apoyo a ind\u00edgenas por crisis del Pilcomayo y la sequ\u00eda"},"content":{"rendered":"<p style=\"text-align: justify;\">La temporada de sequ\u00eda sumada la crisis por la que atraviesa el r\u00edo Pilcomayo, ha conllevado a que autoridades regionales del Chaco y el Gobierno nacional prioricen apoyo para 4.000 familias de los pueblos ind\u00edgenas que habitan en las riberas de este afluente en los municipios de Yacuiba y Villa Montes. Sin embargo, desde el pueblo Weenhayek cuestionan que la ayuda se est\u00e9 \u201cpolitizando\u201d y no sea distribuida a todos por igual.<\/p>\n<p style=\"text-align: justify;\">Cabe recordar que en pasados d\u00edas el Gobierno municipal de Villa Montes aprob\u00f3 una declaratoria de desastre por la sequ\u00eda en el r\u00edo Pilcomayo, lo que estar\u00eda provocando la disminuci\u00f3n de card\u00famenes de s\u00e1balo, afectando as\u00ed a varias comunidades ind\u00edgenas. Sin embargo, no se hace referencia al informe del Servicio Departamental de Salud (Sedes), que advierte que la carne del pescado contiene metales pesados por encima de los par\u00e1metros permitidos, por lo que no recomienda su consumo en la poblaci\u00f3n vulnerable, como mujeres embarazadas o lactantes, ni\u00f1os y personas de la tercera edad.<\/p>\n<p style=\"text-align: justify;\">Esta situaci\u00f3n ha afectado de manera directa a las familias ind\u00edgenas Weenhayek, Guaran\u00ed y Tapiete, que viven de la pesca en el Pilcomayo. R\u00edo que en estos \u00faltimos a\u00f1os se ha visto afectado por la contaminaci\u00f3n minera, efectos del cambio clim\u00e1tico, sedimentaci\u00f3n y obras civiles que han alterado la migraci\u00f3n natural de card\u00famenes, seg\u00fan asever\u00f3 la Gobernaci\u00f3n de Tarija.<\/p>\n<p style=\"text-align: justify;\">Apoyo del Gobierno<\/p>\n<p style=\"text-align: justify;\">El pasado jueves lleg\u00f3 hasta la Regi\u00f3n Aut\u00f3noma del Chaco el viceministro de Defensa Civil, Juan Carlos Calvimontes, para hacer entrega de 49,6 toneladas de alimentos, que incluye productos esenciales como aceite y arroz para 3.900 familias damnificadas por los efectos de la sequ\u00eda a las comunidades ind\u00edgenas de los municipios de Yacuiba y Villa Montes.<\/p>\n<p style=\"text-align: justify;\">La autoridad nacional mencion\u00f3 que la inversi\u00f3n total en la dotaci\u00f3n de estos alimentos equivale a 264.000 bolivianos, es decir, 131.920 bolivianos por 24,8 toneladas de v\u00edveres para cada uno de estos municipios.<\/p>\n<p style=\"text-align: justify;\">Calvimontes se\u00f1al\u00f3 que en el marco de lo que establece la normativa nacional, estos v\u00edveres deber\u00edan ser entregados a los gobiernos municipales de Yacuiba y Villa Montes. Sin embargo, enfatiz\u00f3 que en el marco de la autonom\u00eda regional que tiene el Chaco, esto se est\u00e1 entregando al Gobierno Regional para que sea esta instancia la que coordine la dotaci\u00f3n a los beneficiarios.<\/p>\n<p style=\"text-align: justify;\">\u201cVenimos viviendo problemas estructurales sobre el r\u00edo Pilcomayo, un problema que si no se toman medidas ahora, tal vez el futuro va ser extremadamente complicado, especialmente para el pueblo Weenhayek y vamos a perder una de las oportunidades de un potencial riqu\u00edsimo que tiene el Pilcomayo para poder regar miles y miles de hect\u00e1reas\u201d, expuso.<\/p>\n<p style=\"text-align: justify;\">Para Calvimontes, la crisis por la que atraviesa el Pilcomayo no solamente debe ser resuelto entre los tres pa\u00edses por donde atraviesa este afluente (Argentina, Paraguay y Bolivia), sino que los bolivianos deben tener la capacidad de dar soluci\u00f3n en territorio nacional.<\/p>\n<p style=\"text-align: justify;\">Denuncian que politizan entrega de v\u00edveres<\/p>\n<p style=\"text-align: justify;\">El capit\u00e1n grande del pueblo Weenhayek, Francisco P\u00e9rez, record\u00f3 que la gesti\u00f3n de v\u00edveres para las familias ind\u00edgenas, ha sido la lucha de varias comunidades, que sin tener recursos se movilizaron desde Chaco adentro para participar de diferentes reuniones y medidas de presi\u00f3n. Sin embargo, cuestion\u00f3 que ahora al haber llegado la dotaci\u00f3n, autoridades del Gobierno Regional de Villa Montes est\u00e9n politizando la entrega de estos alimentos, coordinando solamente con la dirigencia af\u00edn a su gobierno.<\/p>\n<p style=\"text-align: justify;\">\u201cEl 5 de este mes, nosotros hemos tenido una reuni\u00f3n en Yacuiba con el viceministro, con Luis \u00c1brego (ejecutivo del Chaco), el alcalde Carlos Br\u00fa, y el t\u00e9cnico Horacio Cabrera, (\u2026) ah\u00ed hemos entregado la ley que se ha declarado desastre, que ha sido gestionada reuni\u00f3n tras reuni\u00f3n y bloqueo tras bloqueo\u201d, mencion\u00f3.<\/p>\n<p style=\"text-align: justify;\">P\u00e9rez cuestion\u00f3 a la ejecutiva de desarrollo del Gobierno Regional de Villa Montes, Karen S\u00e1nchez, a quien sindic\u00f3 de apoyar con transporte para movilizar a familias que respaldan a la dirigencia paralela del pueblo Wennhayek liderada por Pablo Rivero, para que solo estos puedan ser beneficiados con esta ayuda.<\/p>\n<p style=\"text-align: justify;\">\u201cNosotros hemos sido claros con el Viceministerio de Defensa Civil, que no se politice, este es un tema social, es un beneficio para todo el pueblo Weenhayek, Guaran\u00ed, comercializadores, la gente que estaba luchando, pero lamentablemente esta situaci\u00f3n apena mucho\u201d, expuso.<\/p>\n<p style=\"text-align: justify;\">P\u00e9rez inst\u00f3 a las autoridades a realizar una entrega equitativa de estos alimentos, ya que actualmente son todas las familias ind\u00edgenas las que est\u00e1n padeciendo una cr\u00edtica situaci\u00f3n econ\u00f3mica porque no pueden generar recursos econ\u00f3micos por la pesca en el Pilcomayo.<\/p>\n","protected":false},"excerpt":{"rendered":"<p>La temporada de sequ\u00eda sumada la crisis por la que atraviesa el r\u00edo Pilcomayo, ha conllevado a que autoridades regionales del Chaco y el Gobierno nacional prioricen apoyo para 4.000 familias de los pueblos ind\u00edgenas que habitan en las riberas de este afluente en los municipios de Yacuiba y Villa Montes. Sin embargo, desde el [&hellip;]<\/p>\n","protected":false},"author":4,"featured_media":56106,"comment_status":"open","ping_status":"closed","sticky":false,"template":"","format":"standard","meta":{"footnotes":""},"categories":[49],"tags":[],"class_list":{"0":"post-56105","1":"post","2":"type-post","3":"status-publish","4":"format-standard","5":"has-post-thumbnail","7":"category-social"},"_links":{"self":[{"href":"https:\/\/jms.com.bo\/mediamonitor\/wp-json\/wp\/v2\/posts\/56105","targetHints":{"allow":["GET"]}}],"collection":[{"href":"https:\/\/jms.com.bo\/mediamonitor\/wp-json\/wp\/v2\/posts"}],"about":[{"href":"https:\/\/jms.com.bo\/mediamonitor\/wp-json\/wp\/v2\/types\/post"}],"author":[{"embeddable":true,"href":"https:\/\/jms.com.bo\/mediamonitor\/wp-json\/wp\/v2\/users\/4"}],"replies":[{"embeddable":true,"href":"https:\/\/jms.com.bo\/mediamonitor\/wp-json\/wp\/v2\/comments?post=56105"}],"version-history":[{"count":0,"href":"https:\/\/jms.com.bo\/mediamonitor\/wp-json\/wp\/v2\/posts\/56105\/revisions"}],"wp:featuredmedia":[{"embeddable":true,"href":"https:\/\/jms.com.bo\/mediamonitor\/wp-json\/wp\/v2\/media\/56106"}],"wp:attachment":[{"href":"https:\/\/jms.com.bo\/mediamonitor\/wp-json\/wp\/v2\/media?parent=56105"}],"wp:term":[{"taxonomy":"category","embeddable":true,"href":"https:\/\/jms.com.bo\/mediamonitor\/wp-json\/wp\/v2\/categories?post=56105"},{"taxonomy":"post_tag","embeddable":true,"href":"https:\/\/jms.com.bo\/mediamonitor\/wp-json\/wp\/v2\/tags?post=56105"}],"curies":[{"name":"wp","href":"https:\/\/api.w.org\/{rel}","templated":true}]}}