{"id":56107,"date":"2023-08-11T06:25:16","date_gmt":"2023-08-11T10:25:16","guid":{"rendered":"https:\/\/jms.com.bo\/mediamonitor\/2023\/08\/11\/weenhayeks-bloquean-la-ruta-9-en-villa-montes-de-forma-indefinida\/"},"modified":"2023-08-11T06:25:16","modified_gmt":"2023-08-11T10:25:16","slug":"weenhayeks-bloquean-la-ruta-9-en-villa-montes-de-forma-indefinida","status":"publish","type":"post","link":"https:\/\/jms.com.bo\/mediamonitor\/2023\/08\/11\/weenhayeks-bloquean-la-ruta-9-en-villa-montes-de-forma-indefinida\/","title":{"rendered":"Weenhayeks bloquean la ruta 9 en Villa Montes de forma indefinida"},"content":{"rendered":"<p style=\"text-align: justify;\">Como una medida de protesta las comunidades ind\u00edgenas Weenhayeks han instalado un bloqueo de manera indefinida sobre la Ruta 9 en Villa Montes en rechazo a una presunta politizaci\u00f3n sobre la entrega de alimentos tras la declaraci\u00f3n de desastre por sequ\u00eda en el r\u00edo Pilcomayo.<\/p>\n<p style=\"text-align: justify;\">Desde el mi\u00e9rcoles, el Gobierno nacional, a trav\u00e9s del Viceministerio de Defensa Civil, ha enviado provisiones alimenticias para las familias afectadas en las riveras de este afluente, la situaci\u00f3n ha generado controversia y acusaciones de politizaci\u00f3n.<\/p>\n<p style=\"text-align: justify;\">Francisco P\u00e9rez, capit\u00e1n grande de las comunidades Weenhayeks, expres\u00f3 su preocupaci\u00f3n por la politizaci\u00f3n que rodea la distribuci\u00f3n de la ayuda humanitaria. Seg\u00fan P\u00e9rez, la ejecutiva de desarrollo del Gobierno Regional de Villa Montes, Karen S\u00e1nchez, est\u00e1 movilizando a los comunarios con el fin de gestionar la recepci\u00f3n de la ayuda destinada a los pueblos ind\u00edgenas.<\/p>\n<p style=\"text-align: justify;\">La Ejecutiva Regional inform\u00f3 que aproximadamente 2.000 familias se beneficiar\u00e1n de la asistencia proporcionada por el Gobierno nacional. Esta ayuda, que consiste en alrededor de 15 toneladas de alimentos, incluye productos esenciales como aceite y arroz, destinados a mitigar los efectos de la sequ\u00eda en la zona.<\/p>\n<p style=\"text-align: justify;\">La protesta y bloqueo en la Ruta 9 por parte de las comunidades Weenhayeks es de forma indefinida.<\/p>\n","protected":false},"excerpt":{"rendered":"<p>Como una medida de protesta las comunidades ind\u00edgenas Weenhayeks han instalado un bloqueo de manera indefinida sobre la Ruta 9 en Villa Montes en rechazo a una presunta politizaci\u00f3n sobre la entrega de alimentos tras la declaraci\u00f3n de desastre por sequ\u00eda en el r\u00edo Pilcomayo. Desde el mi\u00e9rcoles, el Gobierno nacional, a trav\u00e9s del Viceministerio [&hellip;]<\/p>\n","protected":false},"author":4,"featured_media":56108,"comment_status":"open","ping_status":"closed","sticky":false,"template":"","format":"standard","meta":{"footnotes":""},"categories":[49],"tags":[],"class_list":{"0":"post-56107","1":"post","2":"type-post","3":"status-publish","4":"format-standard","5":"has-post-thumbnail","7":"category-social"},"_links":{"self":[{"href":"https:\/\/jms.com.bo\/mediamonitor\/wp-json\/wp\/v2\/posts\/56107","targetHints":{"allow":["GET"]}}],"collection":[{"href":"https:\/\/jms.com.bo\/mediamonitor\/wp-json\/wp\/v2\/posts"}],"about":[{"href":"https:\/\/jms.com.bo\/mediamonitor\/wp-json\/wp\/v2\/types\/post"}],"author":[{"embeddable":true,"href":"https:\/\/jms.com.bo\/mediamonitor\/wp-json\/wp\/v2\/users\/4"}],"replies":[{"embeddable":true,"href":"https:\/\/jms.com.bo\/mediamonitor\/wp-json\/wp\/v2\/comments?post=56107"}],"version-history":[{"count":0,"href":"https:\/\/jms.com.bo\/mediamonitor\/wp-json\/wp\/v2\/posts\/56107\/revisions"}],"wp:featuredmedia":[{"embeddable":true,"href":"https:\/\/jms.com.bo\/mediamonitor\/wp-json\/wp\/v2\/media\/56108"}],"wp:attachment":[{"href":"https:\/\/jms.com.bo\/mediamonitor\/wp-json\/wp\/v2\/media?parent=56107"}],"wp:term":[{"taxonomy":"category","embeddable":true,"href":"https:\/\/jms.com.bo\/mediamonitor\/wp-json\/wp\/v2\/categories?post=56107"},{"taxonomy":"post_tag","embeddable":true,"href":"https:\/\/jms.com.bo\/mediamonitor\/wp-json\/wp\/v2\/tags?post=56107"}],"curies":[{"name":"wp","href":"https:\/\/api.w.org\/{rel}","templated":true}]}}