{"id":56109,"date":"2023-08-11T06:28:23","date_gmt":"2023-08-11T10:28:23","guid":{"rendered":"https:\/\/jms.com.bo\/mediamonitor\/2023\/08\/11\/senamhi-preve-ingreso-de-un-frente-frio-y-posibles-nevadas-el-fin-de-semana\/"},"modified":"2023-08-11T06:28:23","modified_gmt":"2023-08-11T10:28:23","slug":"senamhi-preve-ingreso-de-un-frente-frio-y-posibles-nevadas-el-fin-de-semana","status":"publish","type":"post","link":"https:\/\/jms.com.bo\/mediamonitor\/2023\/08\/11\/senamhi-preve-ingreso-de-un-frente-frio-y-posibles-nevadas-el-fin-de-semana\/","title":{"rendered":"Senamhi prev\u00e9 ingreso de un frente fr\u00edo y posibles nevadas el fin de semana"},"content":{"rendered":"<p style=\"text-align: justify;\">La pronosticadora del Servicio Nacional de Meteorolog\u00eda e Hidrolog\u00eda (Senamhi) Marisol Portugal inform\u00f3 este jueves que el fin de semana ingresar\u00e1 un frente fr\u00edo que afectar\u00e1 a La Paz, Santa Cruz, Cochabamba, Tarija, Chuquisaca, Beni y Pando.<\/p>\n<p style=\"text-align: justify;\">En entrevista con La Raz\u00f3n Radio, asegur\u00f3 que este frente ocasionar\u00e1 descensos bruscos de temperaturas, lluvias, tormentas el\u00e9ctricas en el oriente y probabilidad de nevadas, principalmente, en el occidente. El Senamhi espera la nevada entre la noche del viernes y la ma\u00f1ana del domingo.<\/p>\n<p style=\"text-align: justify;\">Seg\u00fan la pronosticadora, las heladas permanecer\u00e1n en el altiplano de La Paz, Oruro y Potos\u00ed; sin embargo, las temperaturas mejorar\u00e1n paulatinamente desde mediados de agosto, despu\u00e9s del ingreso del frente fr\u00edo.<\/p>\n<p style=\"text-align: justify;\">Con este frente se prev\u00e9 que, entre finales de agosto e inicios de septiembre, el pa\u00eds registre temperaturas m\u00e1s altas y se despida del invierno.<\/p>\n<p style=\"text-align: justify;\">En los \u00faltimos d\u00edas, la poblaci\u00f3n sinti\u00f3 temperaturas bajas. Portugal explic\u00f3 que, en La Paz y El Alto, el Senamhi registr\u00f3 entre 4 y 5 grados; sin embargo, la sensaci\u00f3n t\u00e9rmica fue de 2 grados, debido a la brisa y a la humedad.<\/p>\n<p style=\"text-align: justify;\">Asegur\u00f3 que este fen\u00f3meno es normal en la temporada estacional. Adem\u00e1s, inst\u00f3 a la poblaci\u00f3n a abrigarse el fin de semana.<\/p>\n","protected":false},"excerpt":{"rendered":"<p>La pronosticadora del Servicio Nacional de Meteorolog\u00eda e Hidrolog\u00eda (Senamhi) Marisol Portugal inform\u00f3 este jueves que el fin de semana ingresar\u00e1 un frente fr\u00edo que afectar\u00e1 a La Paz, Santa Cruz, Cochabamba, Tarija, Chuquisaca, Beni y Pando. En entrevista con La Raz\u00f3n Radio, asegur\u00f3 que este frente ocasionar\u00e1 descensos bruscos de temperaturas, lluvias, tormentas el\u00e9ctricas [&hellip;]<\/p>\n","protected":false},"author":4,"featured_media":56110,"comment_status":"open","ping_status":"closed","sticky":false,"template":"","format":"standard","meta":{"footnotes":""},"categories":[20],"tags":[],"class_list":{"0":"post-56109","1":"post","2":"type-post","3":"status-publish","4":"format-standard","5":"has-post-thumbnail","7":"category-actualidad"},"_links":{"self":[{"href":"https:\/\/jms.com.bo\/mediamonitor\/wp-json\/wp\/v2\/posts\/56109","targetHints":{"allow":["GET"]}}],"collection":[{"href":"https:\/\/jms.com.bo\/mediamonitor\/wp-json\/wp\/v2\/posts"}],"about":[{"href":"https:\/\/jms.com.bo\/mediamonitor\/wp-json\/wp\/v2\/types\/post"}],"author":[{"embeddable":true,"href":"https:\/\/jms.com.bo\/mediamonitor\/wp-json\/wp\/v2\/users\/4"}],"replies":[{"embeddable":true,"href":"https:\/\/jms.com.bo\/mediamonitor\/wp-json\/wp\/v2\/comments?post=56109"}],"version-history":[{"count":0,"href":"https:\/\/jms.com.bo\/mediamonitor\/wp-json\/wp\/v2\/posts\/56109\/revisions"}],"wp:featuredmedia":[{"embeddable":true,"href":"https:\/\/jms.com.bo\/mediamonitor\/wp-json\/wp\/v2\/media\/56110"}],"wp:attachment":[{"href":"https:\/\/jms.com.bo\/mediamonitor\/wp-json\/wp\/v2\/media?parent=56109"}],"wp:term":[{"taxonomy":"category","embeddable":true,"href":"https:\/\/jms.com.bo\/mediamonitor\/wp-json\/wp\/v2\/categories?post=56109"},{"taxonomy":"post_tag","embeddable":true,"href":"https:\/\/jms.com.bo\/mediamonitor\/wp-json\/wp\/v2\/tags?post=56109"}],"curies":[{"name":"wp","href":"https:\/\/api.w.org\/{rel}","templated":true}]}}