{"id":5611,"date":"2021-04-22T06:23:39","date_gmt":"2021-04-22T10:23:39","guid":{"rendered":"http:\/\/jms.com.bo\/mediamonitor\/?p=5611"},"modified":"2021-04-22T06:23:39","modified_gmt":"2021-04-22T10:23:39","slug":"la-carga-boliviana-por-el-puerto-de-ilo-sube-en-mas-del-90-y-llega-a-las-51-795-t","status":"publish","type":"post","link":"https:\/\/jms.com.bo\/mediamonitor\/2021\/04\/22\/la-carga-boliviana-por-el-puerto-de-ilo-sube-en-mas-del-90-y-llega-a-las-51-795-t\/","title":{"rendered":"La carga boliviana por el puerto de Ilo sube en m\u00e1s del 90% y llega a las 51.795 t"},"content":{"rendered":"<p style=\"text-align: justify;\">La carga boliviana en el puerto de Ilo, Per\u00fa, aument\u00f3 en 91,29% entre enero y abril de este a\u00f1o en comparaci\u00f3n a similar periodo del a\u00f1o pasado, lo que represent\u00f3 un incremento en vol\u00famenes de carga de 27.076 toneladas a 51.795 toneladas.<\/p>\n<p style=\"text-align: justify;\">En m\u00e1s de dos a\u00f1os fueron movilizadas m\u00e1s de 200.000 toneladas de carga por el puerto peruano que se convirti\u00f3 en una alternativa estrat\u00e9gica a los puertos chilenos debido a los problemas por tarifas y paros, pese a la existencia del Tratado de 1904 que garantiza a favor de los bolivianos libre tr\u00e1nsito.<\/p>\n<p style=\"text-align: justify;\">Bolivia realiza gestiones para aumentar el transporte de carga internacional y no depender exclusivamente de los puertos chilenos, seg\u00fan un bolet\u00edn institucional de ASP-B.<\/p>\n<p style=\"text-align: justify;\">Ambos Estados acordaron una serie de facilidades para hacer competitivo el puerto peruano al comercio de importaci\u00f3n y exportaci\u00f3n boliviano<\/p>\n","protected":false},"excerpt":{"rendered":"<p>La carga boliviana en el puerto de Ilo, Per\u00fa, aument\u00f3 en 91,29% entre enero y abril de este a\u00f1o en comparaci\u00f3n a similar periodo del a\u00f1o pasado, lo que represent\u00f3 un incremento en vol\u00famenes de carga de 27.076 toneladas a 51.795 toneladas. En m\u00e1s de dos a\u00f1os fueron movilizadas m\u00e1s de 200.000 toneladas de carga [&hellip;]<\/p>\n","protected":false},"author":4,"featured_media":5612,"comment_status":"open","ping_status":"open","sticky":false,"template":"","format":"standard","meta":{"footnotes":""},"categories":[25],"tags":[],"class_list":{"0":"post-5611","1":"post","2":"type-post","3":"status-publish","4":"format-standard","5":"has-post-thumbnail","7":"category-economia"},"_links":{"self":[{"href":"https:\/\/jms.com.bo\/mediamonitor\/wp-json\/wp\/v2\/posts\/5611","targetHints":{"allow":["GET"]}}],"collection":[{"href":"https:\/\/jms.com.bo\/mediamonitor\/wp-json\/wp\/v2\/posts"}],"about":[{"href":"https:\/\/jms.com.bo\/mediamonitor\/wp-json\/wp\/v2\/types\/post"}],"author":[{"embeddable":true,"href":"https:\/\/jms.com.bo\/mediamonitor\/wp-json\/wp\/v2\/users\/4"}],"replies":[{"embeddable":true,"href":"https:\/\/jms.com.bo\/mediamonitor\/wp-json\/wp\/v2\/comments?post=5611"}],"version-history":[{"count":1,"href":"https:\/\/jms.com.bo\/mediamonitor\/wp-json\/wp\/v2\/posts\/5611\/revisions"}],"predecessor-version":[{"id":5613,"href":"https:\/\/jms.com.bo\/mediamonitor\/wp-json\/wp\/v2\/posts\/5611\/revisions\/5613"}],"wp:featuredmedia":[{"embeddable":true,"href":"https:\/\/jms.com.bo\/mediamonitor\/wp-json\/wp\/v2\/media\/5612"}],"wp:attachment":[{"href":"https:\/\/jms.com.bo\/mediamonitor\/wp-json\/wp\/v2\/media?parent=5611"}],"wp:term":[{"taxonomy":"category","embeddable":true,"href":"https:\/\/jms.com.bo\/mediamonitor\/wp-json\/wp\/v2\/categories?post=5611"},{"taxonomy":"post_tag","embeddable":true,"href":"https:\/\/jms.com.bo\/mediamonitor\/wp-json\/wp\/v2\/tags?post=5611"}],"curies":[{"name":"wp","href":"https:\/\/api.w.org\/{rel}","templated":true}]}}