{"id":56114,"date":"2023-08-11T06:32:49","date_gmt":"2023-08-11T10:32:49","guid":{"rendered":"https:\/\/jms.com.bo\/mediamonitor\/2023\/08\/11\/juez-amplia-de-90-a-120-dias-la-detencion-preventiva-para-exgerente-del-banco-fassil\/"},"modified":"2023-08-11T06:32:49","modified_gmt":"2023-08-11T10:32:49","slug":"juez-amplia-de-90-a-120-dias-la-detencion-preventiva-para-exgerente-del-banco-fassil","status":"publish","type":"post","link":"https:\/\/jms.com.bo\/mediamonitor\/2023\/08\/11\/juez-amplia-de-90-a-120-dias-la-detencion-preventiva-para-exgerente-del-banco-fassil\/","title":{"rendered":"Juez ampl\u00eda de 90 a 120 d\u00edas la detenci\u00f3n preventiva para exgerente del Banco Fassil"},"content":{"rendered":"<p style=\"text-align: justify;\">La justicia determin\u00f3 este jueves ampliar de 90 a 120 d\u00edas la detenci\u00f3n preventiva de la exgerente del Banco Fassil Patricia P.S., investigada por delitos financieros.<\/p>\n<p style=\"text-align: justify;\">El fiscal Julio C\u00e9sar Porras inform\u00f3 en Santa Cruz que la audiencia de apelaci\u00f3n, solicitada por el Ministerio P\u00fablico, determin\u00f3 30 d\u00edas m\u00e1s para la exejecutiva.<\/p>\n<p style=\"text-align: justify;\">\u201cEn una audiencia de apelaci\u00f3n, solicitamos para la exgerente 180 d\u00edas y la juez concedi\u00f3 90 d\u00edas. Argumentamos que hab\u00eda mucha documentaci\u00f3n y riesgo de obstaculizaci\u00f3n y fuga. Deber\u00e1 permanecer en la c\u00e1rcel 120 d\u00edas\u201d.<\/p>\n<p style=\"text-align: justify;\">La exejecutiva es investigada por delitos financieros y seg\u00fan el fiscal su firma aparece en al menos cuatro carpetas de otorgaci\u00f3n de cr\u00e9ditos millonarios.<\/p>\n<p style=\"text-align: justify;\">Porras lament\u00f3 que el caso se haya paralizado durante casi un mes debido a la decisi\u00f3n de trasladarlo a La Paz y luego devolverlo a Santa Cruz.<\/p>\n<p style=\"text-align: justify;\">El Banco Fassil fue intervenido el 26 de abril luego de comprobarse irregularidades en la entrega de cr\u00e9ditos millonarios.<\/p>\n<p style=\"text-align: justify;\">Hasta la fecha existen seis personas detenidas preventivamente: Ricardo M. O., expresidente ejecutivo; Jorge Arturo CH.V., exgerente general; Hern\u00e1n S. V. D, exejecutivo; Hermes Hugo S. C., exejecutivo y la exgerente general Patricia P.S.<\/p>\n","protected":false},"excerpt":{"rendered":"<p>La justicia determin\u00f3 este jueves ampliar de 90 a 120 d\u00edas la detenci\u00f3n preventiva de la exgerente del Banco Fassil Patricia P.S., investigada por delitos financieros. El fiscal Julio C\u00e9sar Porras inform\u00f3 en Santa Cruz que la audiencia de apelaci\u00f3n, solicitada por el Ministerio P\u00fablico, determin\u00f3 30 d\u00edas m\u00e1s para la exejecutiva. \u201cEn una audiencia [&hellip;]<\/p>\n","protected":false},"author":4,"featured_media":56115,"comment_status":"open","ping_status":"closed","sticky":false,"template":"","format":"standard","meta":{"footnotes":""},"categories":[18],"tags":[],"class_list":{"0":"post-56114","1":"post","2":"type-post","3":"status-publish","4":"format-standard","5":"has-post-thumbnail","7":"category-politica"},"_links":{"self":[{"href":"https:\/\/jms.com.bo\/mediamonitor\/wp-json\/wp\/v2\/posts\/56114","targetHints":{"allow":["GET"]}}],"collection":[{"href":"https:\/\/jms.com.bo\/mediamonitor\/wp-json\/wp\/v2\/posts"}],"about":[{"href":"https:\/\/jms.com.bo\/mediamonitor\/wp-json\/wp\/v2\/types\/post"}],"author":[{"embeddable":true,"href":"https:\/\/jms.com.bo\/mediamonitor\/wp-json\/wp\/v2\/users\/4"}],"replies":[{"embeddable":true,"href":"https:\/\/jms.com.bo\/mediamonitor\/wp-json\/wp\/v2\/comments?post=56114"}],"version-history":[{"count":0,"href":"https:\/\/jms.com.bo\/mediamonitor\/wp-json\/wp\/v2\/posts\/56114\/revisions"}],"wp:featuredmedia":[{"embeddable":true,"href":"https:\/\/jms.com.bo\/mediamonitor\/wp-json\/wp\/v2\/media\/56115"}],"wp:attachment":[{"href":"https:\/\/jms.com.bo\/mediamonitor\/wp-json\/wp\/v2\/media?parent=56114"}],"wp:term":[{"taxonomy":"category","embeddable":true,"href":"https:\/\/jms.com.bo\/mediamonitor\/wp-json\/wp\/v2\/categories?post=56114"},{"taxonomy":"post_tag","embeddable":true,"href":"https:\/\/jms.com.bo\/mediamonitor\/wp-json\/wp\/v2\/tags?post=56114"}],"curies":[{"name":"wp","href":"https:\/\/api.w.org\/{rel}","templated":true}]}}