{"id":56116,"date":"2023-08-11T06:34:05","date_gmt":"2023-08-11T10:34:05","guid":{"rendered":"https:\/\/jms.com.bo\/mediamonitor\/2023\/08\/11\/camacho-revela-que-lo-presionaron-para-que-se-venda-y-salga-en-libertad\/"},"modified":"2023-08-11T06:34:05","modified_gmt":"2023-08-11T10:34:05","slug":"camacho-revela-que-lo-presionaron-para-que-se-venda-y-salga-en-libertad","status":"publish","type":"post","link":"https:\/\/jms.com.bo\/mediamonitor\/2023\/08\/11\/camacho-revela-que-lo-presionaron-para-que-se-venda-y-salga-en-libertad\/","title":{"rendered":"Camacho revela que lo presionaron para que \u2018se venda\u2019 y salga en libertad"},"content":{"rendered":"<p style=\"text-align: justify;\">El Gobernador de Santa Cruz, Luis Fernando Camacho, durante una audiencia a la que asisti\u00f3 de forma virtual desde la c\u00e1rcel de Chonchocoro por los 36 d\u00edas de paro por el Censo se aferr\u00f3 a Dios. Mostr\u00f3 un mensaje escrito para darle fuerza a su padre que acaba de sufrir el deceso de su c\u00f3nyuge y denunci\u00f3 que el Gobierno lo presion\u00f3 para que se \u201cvenda\u201d y pueda quedar libre, pero \u00e9l reafirm\u00f3 que siempre permaneci\u00f3 inquebrantable.<\/p>\n<p style=\"text-align: justify;\">La autoridad aprovech\u00f3 el contacto virtual para enviar un mensaje a su padre, Jos\u00e9 Luis Camacho, quien hace poco perdi\u00f3 a su esposa: \u201cD\u00edganle a mi pap\u00e1 que lo amo y que sea fuerte. Dios est\u00e1 con nosotros\u201d, se\u00f1alaba el mensaje escrito en una hoja de papel y que puso frente al lente de la c\u00e1mara que transmit\u00eda la audiencia desde Chonchocoro.<\/p>\n<p style=\"text-align: justify;\">Cuando tom\u00f3 la palabra, fue muy contundente. \u201cMi fe es inquebrantable, si estoy aqu\u00ed es porque Dios lo ha permitido. Y si lo ha hecho es porque va a traer cosas grandes para mi pueblo. Si ahora me toca pagar esta injusticia lo estoy haciendo con un honor muy grande, saldr\u00e9 de ac\u00e1 con una dignidad muy grande y con mi honor intacto, se\u00f1or juez\u201d.<\/p>\n<p style=\"text-align: justify;\">Posteriormente, manifest\u00f3 que \u201cYo llegu\u00e9 a esta c\u00e1rcel porque nunca quise negociar con el Gobierno del Movimiento al Socialismo. No soy un vendido ni voy a negociar mis principios, ni los de mi pueblo\u201d, acot\u00f3.<\/p>\n<p style=\"text-align: justify;\">Luego revel\u00f3 que en la misma c\u00e1rcel de Chonchocoro \u201che sido presionado para que yo me venda al Gobierno y no lo voy a hacer, porque yo mantengo mis principios, que son los que me mantienen firme\u201d.<\/p>\n<p style=\"text-align: justify;\">Aunque no conf\u00eda en la justicia, manifest\u00f3 que est\u00e1 \u201cagotando todas las instancias. Llegar\u00e1 el d\u00eda en que Dios har\u00e1 justicia y a \u00c9l s\u00ed le tengo miedo\u201d.<\/p>\n<p style=\"text-align: justify;\">El 22 de marzo de este a\u00f1o, cuando Camacho ya llevaba detenido en Chonchocoro tres meses, le notificaron con otra causa, la del paro de 36 d\u00edas que impuls\u00f3 Santa Cruz en octubre del pasado a\u00f1o reclamando la realizaci\u00f3n del Censo de Poblaci\u00f3n y Vivienda para este a\u00f1o. Las autoridades acusaron a la autoridad cruce\u00f1a de haber cometido ocho delitos.<\/p>\n<p style=\"text-align: justify;\">Este jueves se llev\u00f3 adelante la audiencia donde la defensa expuso los incidentes que buscan anular este proceso y el gobernador cruce\u00f1o acus\u00f3 a la fiscal de haber defendido al Gobierno y no al Estado, como debiera ser su papel, pero el proceso contin\u00faa.<\/p>\n<p style=\"text-align: justify;\">\n","protected":false},"excerpt":{"rendered":"<p>El Gobernador de Santa Cruz, Luis Fernando Camacho, durante una audiencia a la que asisti\u00f3 de forma virtual desde la c\u00e1rcel de Chonchocoro por los 36 d\u00edas de paro por el Censo se aferr\u00f3 a Dios. Mostr\u00f3 un mensaje escrito para darle fuerza a su padre que acaba de sufrir el deceso de su c\u00f3nyuge [&hellip;]<\/p>\n","protected":false},"author":4,"featured_media":56117,"comment_status":"open","ping_status":"closed","sticky":false,"template":"","format":"standard","meta":{"footnotes":""},"categories":[18],"tags":[],"class_list":{"0":"post-56116","1":"post","2":"type-post","3":"status-publish","4":"format-standard","5":"has-post-thumbnail","7":"category-politica"},"_links":{"self":[{"href":"https:\/\/jms.com.bo\/mediamonitor\/wp-json\/wp\/v2\/posts\/56116","targetHints":{"allow":["GET"]}}],"collection":[{"href":"https:\/\/jms.com.bo\/mediamonitor\/wp-json\/wp\/v2\/posts"}],"about":[{"href":"https:\/\/jms.com.bo\/mediamonitor\/wp-json\/wp\/v2\/types\/post"}],"author":[{"embeddable":true,"href":"https:\/\/jms.com.bo\/mediamonitor\/wp-json\/wp\/v2\/users\/4"}],"replies":[{"embeddable":true,"href":"https:\/\/jms.com.bo\/mediamonitor\/wp-json\/wp\/v2\/comments?post=56116"}],"version-history":[{"count":0,"href":"https:\/\/jms.com.bo\/mediamonitor\/wp-json\/wp\/v2\/posts\/56116\/revisions"}],"wp:featuredmedia":[{"embeddable":true,"href":"https:\/\/jms.com.bo\/mediamonitor\/wp-json\/wp\/v2\/media\/56117"}],"wp:attachment":[{"href":"https:\/\/jms.com.bo\/mediamonitor\/wp-json\/wp\/v2\/media?parent=56116"}],"wp:term":[{"taxonomy":"category","embeddable":true,"href":"https:\/\/jms.com.bo\/mediamonitor\/wp-json\/wp\/v2\/categories?post=56116"},{"taxonomy":"post_tag","embeddable":true,"href":"https:\/\/jms.com.bo\/mediamonitor\/wp-json\/wp\/v2\/tags?post=56116"}],"curies":[{"name":"wp","href":"https:\/\/api.w.org\/{rel}","templated":true}]}}