{"id":56118,"date":"2023-08-11T06:35:21","date_gmt":"2023-08-11T10:35:21","guid":{"rendered":"https:\/\/jms.com.bo\/mediamonitor\/2023\/08\/11\/desahucian-dialogo-por-las-judiciales-y-los-campesinos-anuncian-protestas\/"},"modified":"2023-08-11T06:35:21","modified_gmt":"2023-08-11T10:35:21","slug":"desahucian-dialogo-por-las-judiciales-y-los-campesinos-anuncian-protestas","status":"publish","type":"post","link":"https:\/\/jms.com.bo\/mediamonitor\/2023\/08\/11\/desahucian-dialogo-por-las-judiciales-y-los-campesinos-anuncian-protestas\/","title":{"rendered":"Desahucian di\u00e1logo por las judiciales y los campesinos anuncian protestas"},"content":{"rendered":"<p style=\"text-align: justify;\">Legisladores del Movimiento Al Socialismo (MAS) de la l\u00ednea evista, junto a las bancadas de Comunidad Ciudadana (CC) y Creemos, desahuciaron la realizaci\u00f3n de las elecciones judiciales para esta gesti\u00f3n porque en tres d\u00edas, la comisi\u00f3n t\u00e9cnica jur\u00eddica no logr\u00f3 ning\u00fan avance y s\u00f3lo intercambiaron acusaciones.<\/p>\n<p style=\"text-align: justify;\">Mientras, la desconfianza crece en algunas organizaciones sociales fieles al expresidente Evo Morales. Es el caso de los campesinos que anunciaron el inicio de movilizaciones si las judiciales no se realizan este a\u00f1o y el presidente Luis Arce designa \u201ca dedo\u201d a nuevos magistrados.<\/p>\n<p style=\"text-align: justify;\">Apuestan a que las trabas al proceso electoral son una confabulaci\u00f3n entre el Gobierno y el Tribunal Constitucional Plurinacional (TCP) para impedir que Morales sea candidato en las elecciones generales de 2025.<\/p>\n<p style=\"text-align: justify;\">\u201cEste muerto es del MAS porque el MAS ha querido matar a la justicia. El MAS ha matado la justicia\u201d, sentenci\u00f3 la senadora Andrea Barrientos, jefa de la bancada del CC en el Senado. Para la asamble\u00edsta cochabambina, la comisi\u00f3n t\u00e9cnica jur\u00eddica ya no tiene raz\u00f3n de ser tras que los senadores del MAS, Patricia Arce y Luis Adolfo Flores, les dejaron plantados la tarde del mi\u00e9rcoles en la reuni\u00f3n t\u00e9cnica.<\/p>\n<p style=\"text-align: justify;\">\u201c\u00bfNosotros tenemos apertura al di\u00e1logo?, s\u00ed. \u00bfEn esa comisi\u00f3n extraordinaria?, no. Ya no tiene credibilidad esa comisi\u00f3n\u201d, dijo Barrientos e insisti\u00f3 que lo que busca el MAS es \u201ccuotear\u201d el \u00d3rgano Judicial.<\/p>\n<p style=\"text-align: justify;\">Es un \u201cfracaso\u201d<\/p>\n<p style=\"text-align: justify;\">El jefe de bancada de Creemos en el Senado, Henry Montero, dijo que la comisi\u00f3n t\u00e9cnica ha fracasado por \u201cfalta de voluntad\u201d pol\u00edtica del oficialismo.<\/p>\n<p style=\"text-align: justify;\">\u201cEl Movimiento Al Socialismo ha trabajado para que no existan las elecciones judiciales porque las autoridades que tiene hoy son muy \u00fatiles para sus intenciones de perseguir y encarcelar\u201d, dijo el legislador cruce\u00f1o.<\/p>\n<p style=\"text-align: justify;\">Para la senadora Centa Rek \u201ces muy dif\u00edcil construir consensos con el MAS\u201d cuando sus principales representantes en las comisiones de Justicia Plural y de Constituci\u00f3n no asisten a las reuniones t\u00e9cnicas.<\/p>\n<p style=\"text-align: justify;\">De su lado, para el diputado evista, H\u00e9ctor Arce, todo esto es una estrategia del ministro de Justicia, Iv\u00e1n Lima que act\u00faa bajo dos premisas: \u201chacer fracasar el proceso electoral\u201d y lograr un \u201ccontrol absoluto\u201d del TCP para que emita sentencias constitucionales \u201cque favorezcan\u201d al presidente Luis Arce.<\/p>\n<p style=\"text-align: justify;\">\u201cNo va a haber el proceso electoral. Es imposible que en menos de 25 d\u00edas, la Asamblea remita una terna de 96 personas para ir al proceso electoral. No les interesa llevar adelante el proceso electoral\u201d, asegur\u00f3 Arce Rodr\u00edguez.<\/p>\n<p style=\"text-align: justify;\">El diputado Daniel Rojas, que es tambi\u00e9n de la l\u00ednea evista dijo a radio Panamericana que \u201cjam\u00e1s\u201d se va a llegar a un acuerdo en el Legislativo porque la intenci\u00f3n real es poner el \u00d3rgano Judicial al servicio del Ejecutivo.<\/p>\n<p style=\"text-align: justify;\">\u201cEl TCP est\u00e1 totalmente maleado\u201d, asegur\u00f3 Rojas y agreg\u00f3 que el objetivo del Gobierno es \u201ccuotearse\u201d el \u00d3rgano Judicial. Los evistas tienen una propuesta alternativa que fue presentada por el diputado Ren\u00e1n Cabezas. La misma plantea que ante el fracaso de las judiciales, el Legislativo sea el que elija a nuevos magistrados de forma interina. Rojas asegur\u00f3 que esa propuesta es la que van a defender.<\/p>\n<p style=\"text-align: justify;\">Campesinos y el MAS<\/p>\n<p style=\"text-align: justify;\">El secretario de Relaciones Internacionales de la Confederaci\u00f3n Sindical \u00danica de Trabajadores Campesinos de Bolivia (Csutcb), Omar Ram\u00edrez, anunci\u00f3 a EL DEBER que si es que las elecciones judiciales no se realizan este a\u00f1o y el presidente Luis Arce elige por decreto a nuevos magistrados funcionales a \u00e9l, los campesinos inmediatamente iniciar\u00e1n movilizaciones.<\/p>\n<p style=\"text-align: justify;\">\u201cEl Gobierno actual va a intentar eliminar la postulaci\u00f3n, la candidatura del compa\u00f1ero Evo Morales, sin embargo, nosotros, las comunidades, la militancia leal, verdadera, nos vamos a movilizar si es que intentan proscribir a nuestro hermano Evo, si intentan taponear la candidatura en las elecciones nacionales\u201d, asegur\u00f3 Ram\u00edrez.<\/p>\n<p style=\"text-align: justify;\">Este escenario tambi\u00e9n confirma el quiebre que existe en la Csutcb, ya que Ram\u00edrez desconoci\u00f3 al secretario ejecutivo de la Csutcb, Eber Rojas, que desde la posesi\u00f3n de Arce se mostr\u00f3 muy cercano a \u00e9l y defensor de su Gobierno. \u201cEber Rojas es el dirigente m\u00e1s nefasto y corrupto en la historia del movimiento campesino de la Csutcb\u201d, dijo.<\/p>\n<p style=\"text-align: justify;\">Desde Cochabamba, el vicepresidente del MAS, Gerardo Garc\u00eda, dijo a EL DEBER que \u201cde alguna u otra manera quieren perjudicar la candidatura de Evo Morales\u201d y una de esas formas es ponerle trabas mediante \u201cmaniobras de parte de nuestro gobierno y de algunos diputados, senadores renovadores\u201d, que seg\u00fan el dirigente pol\u00edtico se olvidaron que tienen esos cargos gracias a la imagen de Morales.<\/p>\n<p style=\"text-align: justify;\">\u201cNuestras bases, puede ser que determinen movilizaciones y a nosotros no nos queda otra cosa que coordinar con ellos, ver con ellos si es conveniente o no. Si nuestra poblaci\u00f3n se va a movilizar con derecho, nosotros, desde luego que vamos a estar coordinando con ellos\u201d, asegur\u00f3.<\/p>\n<p style=\"text-align: justify;\">Pedido de Rodr\u00edguez<\/p>\n<p style=\"text-align: justify;\">Anoche, el presidente del Senado Andr\u00f3nico Rodr\u00edguez, despu\u00e9s de tres jornadas y reuniones de la comisi\u00f3n t\u00e9cnica sin resultados, emplaz\u00f3 a la oposici\u00f3n a volver a trabajar en la mesa t\u00e9cnica hasta este viernes.<\/p>\n<p style=\"text-align: justify;\">\u201cConsideramos que la apertura a la conversaci\u00f3n, al di\u00e1logo, al consenso est\u00e1 totalmente abierto. Entre hoy (jueves) y ma\u00f1ana (viernes) esperamos que se pueda concretar nuevamente la reuni\u00f3n y el di\u00e1logo y dejar certezas en torno a las elecciones judiciales\u201d, dijo el legislador Rodr\u00edguez.<\/p>\n<p style=\"text-align: justify;\">En una evaluaci\u00f3n de las reuniones, el senador concluy\u00f3 que las comisiones mixtas de Constituci\u00f3n y de Justicia que son presididas por senadores del MAS han hecho \u201clos m\u00e1ximos esfuerzos\u201d para lograr un acuerdo, pero sin resultados desde la oposici\u00f3n que, seg\u00fan su criterio, pidi\u00f3 condiciones que no est\u00e1n contempladas en la sentencia del TCP como el voto un\u00e1nime para aprobar las leyes electorales.<\/p>\n<p style=\"text-align: justify;\">La condici\u00f3n de la oposici\u00f3n de que en la comisi\u00f3n t\u00e9cnica se apruebe un proyecto de ley por unanimidad, tuvo una raz\u00f3n espec\u00edfica: porque en ambas comisiones mixtas, la de Constituci\u00f3n y la de Justicia, el MAS tiene dos tercios, lo que pone en desventaja a CC, Creemos y sus propuestas.<\/p>\n<p style=\"text-align: justify;\">\u201cEllos salen y dicen que no quieren los dos tercios, queremos que sea cuatro quintos. No entiendo cu\u00e1l es la posici\u00f3n de la oposici\u00f3n. Tambi\u00e9n quieren que votemos por unanimidad en unas planchas. Yo ya no les entiendo\u201d, protest\u00f3 la senadora Patricia Arce del MAS. El panorama es complicado, y el tiempo se acaba.<\/p>\n<p style=\"text-align: justify;\">\n","protected":false},"excerpt":{"rendered":"<p>Legisladores del Movimiento Al Socialismo (MAS) de la l\u00ednea evista, junto a las bancadas de Comunidad Ciudadana (CC) y Creemos, desahuciaron la realizaci\u00f3n de las elecciones judiciales para esta gesti\u00f3n porque en tres d\u00edas, la comisi\u00f3n t\u00e9cnica jur\u00eddica no logr\u00f3 ning\u00fan avance y s\u00f3lo intercambiaron acusaciones. Mientras, la desconfianza crece en algunas organizaciones sociales fieles [&hellip;]<\/p>\n","protected":false},"author":4,"featured_media":56119,"comment_status":"open","ping_status":"closed","sticky":false,"template":"","format":"standard","meta":{"footnotes":""},"categories":[18,48,46],"tags":[],"class_list":{"0":"post-56118","1":"post","2":"type-post","3":"status-publish","4":"format-standard","5":"has-post-thumbnail","7":"category-politica","8":"category-portada-general-sitio","9":"category-portada-politica"},"_links":{"self":[{"href":"https:\/\/jms.com.bo\/mediamonitor\/wp-json\/wp\/v2\/posts\/56118","targetHints":{"allow":["GET"]}}],"collection":[{"href":"https:\/\/jms.com.bo\/mediamonitor\/wp-json\/wp\/v2\/posts"}],"about":[{"href":"https:\/\/jms.com.bo\/mediamonitor\/wp-json\/wp\/v2\/types\/post"}],"author":[{"embeddable":true,"href":"https:\/\/jms.com.bo\/mediamonitor\/wp-json\/wp\/v2\/users\/4"}],"replies":[{"embeddable":true,"href":"https:\/\/jms.com.bo\/mediamonitor\/wp-json\/wp\/v2\/comments?post=56118"}],"version-history":[{"count":0,"href":"https:\/\/jms.com.bo\/mediamonitor\/wp-json\/wp\/v2\/posts\/56118\/revisions"}],"wp:featuredmedia":[{"embeddable":true,"href":"https:\/\/jms.com.bo\/mediamonitor\/wp-json\/wp\/v2\/media\/56119"}],"wp:attachment":[{"href":"https:\/\/jms.com.bo\/mediamonitor\/wp-json\/wp\/v2\/media?parent=56118"}],"wp:term":[{"taxonomy":"category","embeddable":true,"href":"https:\/\/jms.com.bo\/mediamonitor\/wp-json\/wp\/v2\/categories?post=56118"},{"taxonomy":"post_tag","embeddable":true,"href":"https:\/\/jms.com.bo\/mediamonitor\/wp-json\/wp\/v2\/tags?post=56118"}],"curies":[{"name":"wp","href":"https:\/\/api.w.org\/{rel}","templated":true}]}}