{"id":56120,"date":"2023-08-11T06:36:26","date_gmt":"2023-08-11T10:36:26","guid":{"rendered":"https:\/\/jms.com.bo\/mediamonitor\/2023\/08\/11\/mineros-auriferos-advierten-que-no-venderan-oro-al-bcb-mientras-no-se-apruebe-ley-de-regimen-tributario\/"},"modified":"2023-08-11T06:36:26","modified_gmt":"2023-08-11T10:36:26","slug":"mineros-auriferos-advierten-que-no-venderan-oro-al-bcb-mientras-no-se-apruebe-ley-de-regimen-tributario","status":"publish","type":"post","link":"https:\/\/jms.com.bo\/mediamonitor\/2023\/08\/11\/mineros-auriferos-advierten-que-no-venderan-oro-al-bcb-mientras-no-se-apruebe-ley-de-regimen-tributario\/","title":{"rendered":"Mineros aur\u00edferos advierten que no vender\u00e1n oro al BCB mientras no se apruebe ley de r\u00e9gimen tributario"},"content":{"rendered":"<p style=\"text-align: justify;\">Los mineros aur\u00edferos del pa\u00eds se declararon en emergencia y advirtieron que no vender\u00e1n oro al Banco Central de Bolivia (BCB) mientras la Asamblea Legislativa no apruebe el proyecto de Ley de Creaci\u00f3n de un R\u00e9gimen Tributario \u00danico para el sector.<\/p>\n<p style=\"text-align: justify;\">R\u00f3ger Coata, ejecutivo de la Federaci\u00f3n de Cooperativas Mineras Aur\u00edferas De Bolivia, anunci\u00f3 este jueves que, si hasta el 21 no se aprueba esa norma, saldr\u00e1n a las calles y carreteras a bloquear.<\/p>\n<p style=\"text-align: justify;\">\u201cHemos culminado (el proyecto de ley), pero no est\u00e1 aprobado en plenaria en la Asamblea Legislativa, no ha sido enviado. Mientras no se apruebe nuestro r\u00e9gimen tributario, nuestras cooperativas no podr\u00e1n vender el oro al BCB. Estoy dejando en claro\u201d.<\/p>\n<p style=\"text-align: justify;\">El dirigente explic\u00f3 que no es descuido ni del sector minero aur\u00edfero ni del BCB, que trabajaron el proyecto a la par de la reglamentaci\u00f3n de la ley del oro. Apunt\u00f3 al presidente de la C\u00e1mara de Diputados, Jerges Mercado (MAS), como el responsable de que el proyecto no avance en su tratamiento.<\/p>\n<p style=\"text-align: justify;\">Ley del oro<\/p>\n<p style=\"text-align: justify;\">\u201cHace dos meses el presidente de la C\u00e1mara de Diputados, no tenemos conocimiento por qu\u00e9, no entrega el proyecto de ley del r\u00e9gimen tributario. Tenemos autoridades que est\u00e1n perjudicando al mismo Estado, al sector minero aur\u00edfero, en vez de buscar un desarrollo. El sector est\u00e1 molesto, estamos en emergencia y si no se concretan soluciones hasta el 21 de agosto, nos ver\u00e1n en las calles cerrando las carreteras\u201d.<\/p>\n<p style=\"text-align: justify;\">Hace unos d\u00edas, el presidente de la Federaci\u00f3n Regional de Cooperativas Mineras Aur\u00edferas de La Paz, Eloy Sirpa, demand\u00f3 tambi\u00e9n la aprobaci\u00f3n del proyecto de ley para tributar el 4,5% por la venta del oro.<\/p>\n<p style=\"text-align: justify;\">La ley de compra de oro fue promulgada el 5 de mayo por el presidente Luis Arce. Est\u00e1 destinada al fortalecimiento de las reservas internacionales. Su reglamentaci\u00f3n fue concluida en julio.<\/p>\n","protected":false},"excerpt":{"rendered":"<p>Los mineros aur\u00edferos del pa\u00eds se declararon en emergencia y advirtieron que no vender\u00e1n oro al Banco Central de Bolivia (BCB) mientras la Asamblea Legislativa no apruebe el proyecto de Ley de Creaci\u00f3n de un R\u00e9gimen Tributario \u00danico para el sector. R\u00f3ger Coata, ejecutivo de la Federaci\u00f3n de Cooperativas Mineras Aur\u00edferas De Bolivia, anunci\u00f3 este [&hellip;]<\/p>\n","protected":false},"author":4,"featured_media":56121,"comment_status":"open","ping_status":"closed","sticky":false,"template":"","format":"standard","meta":{"footnotes":""},"categories":[25],"tags":[],"class_list":{"0":"post-56120","1":"post","2":"type-post","3":"status-publish","4":"format-standard","5":"has-post-thumbnail","7":"category-economia"},"_links":{"self":[{"href":"https:\/\/jms.com.bo\/mediamonitor\/wp-json\/wp\/v2\/posts\/56120","targetHints":{"allow":["GET"]}}],"collection":[{"href":"https:\/\/jms.com.bo\/mediamonitor\/wp-json\/wp\/v2\/posts"}],"about":[{"href":"https:\/\/jms.com.bo\/mediamonitor\/wp-json\/wp\/v2\/types\/post"}],"author":[{"embeddable":true,"href":"https:\/\/jms.com.bo\/mediamonitor\/wp-json\/wp\/v2\/users\/4"}],"replies":[{"embeddable":true,"href":"https:\/\/jms.com.bo\/mediamonitor\/wp-json\/wp\/v2\/comments?post=56120"}],"version-history":[{"count":0,"href":"https:\/\/jms.com.bo\/mediamonitor\/wp-json\/wp\/v2\/posts\/56120\/revisions"}],"wp:featuredmedia":[{"embeddable":true,"href":"https:\/\/jms.com.bo\/mediamonitor\/wp-json\/wp\/v2\/media\/56121"}],"wp:attachment":[{"href":"https:\/\/jms.com.bo\/mediamonitor\/wp-json\/wp\/v2\/media?parent=56120"}],"wp:term":[{"taxonomy":"category","embeddable":true,"href":"https:\/\/jms.com.bo\/mediamonitor\/wp-json\/wp\/v2\/categories?post=56120"},{"taxonomy":"post_tag","embeddable":true,"href":"https:\/\/jms.com.bo\/mediamonitor\/wp-json\/wp\/v2\/tags?post=56120"}],"curies":[{"name":"wp","href":"https:\/\/api.w.org\/{rel}","templated":true}]}}