{"id":56128,"date":"2023-08-11T06:45:33","date_gmt":"2023-08-11T10:45:33","guid":{"rendered":"https:\/\/jms.com.bo\/mediamonitor\/2023\/08\/11\/gobierno-de-chile-cambia-su-estrategia-para-promover-inversiones-en-almacenamiento-de-energia-renovable\/"},"modified":"2023-08-11T06:45:33","modified_gmt":"2023-08-11T10:45:33","slug":"gobierno-de-chile-cambia-su-estrategia-para-promover-inversiones-en-almacenamiento-de-energia-renovable","status":"publish","type":"post","link":"https:\/\/jms.com.bo\/mediamonitor\/2023\/08\/11\/gobierno-de-chile-cambia-su-estrategia-para-promover-inversiones-en-almacenamiento-de-energia-renovable\/","title":{"rendered":"Gobierno de Chile cambia su estrategia para promover inversiones en almacenamiento de energ\u00eda renovable"},"content":{"rendered":"<p style=\"text-align: justify;\">El Ministerio de Energ\u00eda de Chile dio a conocer una serie de medidas para la promoci\u00f3n de inversiones en sistemas de almacenamiento de energ\u00eda renovable, como parte de la Agenda para un Segundo Tiempo de la Transici\u00f3n Energ\u00e9tica y de la tramitaci\u00f3n legislativa del proyecto de ley de Transici\u00f3n Energ\u00e9tica que ya present\u00f3 ante el Congreso.<\/p>\n<p style=\"text-align: justify;\">Una de las principales novedades est\u00e1 vinculada a la decisi\u00f3n de no proseguir con la tramitaci\u00f3n DS 3\/2022, de la \u00faltima versi\u00f3n del reglamento de potencia de suficiencia, puesta a consulta p\u00fablica en marzo del corriente a\u00f1o (ver nota).<\/p>\n<p style=\"text-align: justify;\">R\u00e9gimen transitorio que, entre los principales diferenciales, propon\u00eda la extensi\u00f3n del plazo para la entrada en vigencia del reglamento en cuesti\u00f3n a 5 a\u00f1os y la aplicaci\u00f3n de la tabla del reconocimiento de potencia inicial hacia los sistemas de almacenamiento de energ\u00eda (SAE), ya sean puros o stand alone.<\/p>\n<p style=\"text-align: justify;\">En lugar de ello, el gobierno se abocar\u00e1 directamente a una modificaci\u00f3n del Decreto Supremo N\u00b0 62\/2006 para lograr las condiciones reglamentarias para el desarrollo del storage en el pa\u00eds.<\/p>\n<p style=\"text-align: justify;\">A tal punto que ya abri\u00f3 una nueva consulta p\u00fablica hasta las 23:59hs del jueves 17 de agosto para la nueva versi\u00f3n del reglamento de transferencias de potencia, cuyas principales modificaciones tienen los siguientes objetivos:<\/p>\n<p style=\"text-align: justify;\">Integraci\u00f3n de los Sistemas de Almacenamiento de Energ\u00eda a la normativa vigente.<\/p>\n<p style=\"text-align: justify;\">Incorporaci\u00f3n de metodolog\u00eda para el reconocimiento de potencia del almacenamiento.<\/p>\n<p style=\"text-align: justify;\">Se incorporan auditor\u00edas para la verificaci\u00f3n de la disponibilidad de combustible de las unidades t\u00e9rmicas y de la disponibilidad efectiva de las instalaciones para efectos del c\u00e1lculo de la Indisponibilidad Forzada (IFOR).<\/p>\n<p style=\"text-align: justify;\">Se introduce la obligaci\u00f3n del Coordinador de llevar un registro de insumo alternativo para aquellas centrales que cuentan con un insumo principal y uno alternativo.<\/p>\n<p style=\"text-align: justify;\">Se incorpora reconocimiento del aporte t\u00e9rmicos a la suficiencia de PMG y PMGD cuando operen como coordinados.<\/p>\n<p style=\"text-align: justify;\">Se introduce metodolog\u00eda para determinar el pago por potencia de centrales renovables con capacidad de almacenamiento.<\/p>\n<p style=\"text-align: justify;\">Se realizan modificaciones a fin de contar con mayores antecedentes y estudios para la determinaci\u00f3n de horas punta.<br \/>\nSe modifica el procedimiento para solicitar el cambio a Estado de Reserva Estrat\u00e9gica (ERE).<\/p>\n<p style=\"text-align: justify;\">\u00bfQu\u00e9 impacto tiene y c\u00f3mo se observa desde el sector energ\u00e9tico? \u201cLa decisi\u00f3n va en la direcci\u00f3n correcta porque permitir\u00e1 contar con los elementos regulatorios necesarios para la toma de decisiones de los agentes del sector\u201d, remarc\u00f3 Daniela Gonz\u00e1lez, experta en regulaci\u00f3n del sector energ\u00eda y derecho administrativo y fundadora de la Consultora Domo Legal.<\/p>\n<p style=\"text-align: justify;\">\u201cAhora, ser\u00e1 muy importante que el dise\u00f1o de la licitaci\u00f3n [de almacenamiento por USD 2000 millones] que contempla el proyecto de ley de transici\u00f3n energ\u00e9tica no debe desincentivar la iniciativa privada que puede promoverse con este cambio regulatorio\u201d, agreg\u00f3 en conversaci\u00f3n con Energ\u00eda Estrat\u00e9gica.<\/p>\n<p style=\"text-align: justify;\">Bajo esa perspectiva, ratific\u00f3 que la iniciativa del Poder Ejecutivo incorpora modificaciones que viabilizar\u00edan un cambio de metodolog\u00eda de c\u00e1lculo de la potencia como el que propon\u00eda el reglamento de potencia.<\/p>\n<p style=\"text-align: justify;\">\u201cCreo que lo que corresponde es que el debate sobre el pago por capacidad se d\u00e9 en conjunto con la discusi\u00f3n de una eventual reforma al mercado de corto plazo de la energ\u00eda y tambi\u00e9n de los servicios complementarios\u201d, concluy\u00f3 la especialista.<\/p>\n","protected":false},"excerpt":{"rendered":"<p>El Ministerio de Energ\u00eda de Chile dio a conocer una serie de medidas para la promoci\u00f3n de inversiones en sistemas de almacenamiento de energ\u00eda renovable, como parte de la Agenda para un Segundo Tiempo de la Transici\u00f3n Energ\u00e9tica y de la tramitaci\u00f3n legislativa del proyecto de ley de Transici\u00f3n Energ\u00e9tica que ya present\u00f3 ante el [&hellip;]<\/p>\n","protected":false},"author":4,"featured_media":56129,"comment_status":"open","ping_status":"closed","sticky":false,"template":"","format":"standard","meta":{"footnotes":""},"categories":[39],"tags":[],"class_list":{"0":"post-56128","1":"post","2":"type-post","3":"status-publish","4":"format-standard","5":"has-post-thumbnail","7":"category-energia"},"_links":{"self":[{"href":"https:\/\/jms.com.bo\/mediamonitor\/wp-json\/wp\/v2\/posts\/56128","targetHints":{"allow":["GET"]}}],"collection":[{"href":"https:\/\/jms.com.bo\/mediamonitor\/wp-json\/wp\/v2\/posts"}],"about":[{"href":"https:\/\/jms.com.bo\/mediamonitor\/wp-json\/wp\/v2\/types\/post"}],"author":[{"embeddable":true,"href":"https:\/\/jms.com.bo\/mediamonitor\/wp-json\/wp\/v2\/users\/4"}],"replies":[{"embeddable":true,"href":"https:\/\/jms.com.bo\/mediamonitor\/wp-json\/wp\/v2\/comments?post=56128"}],"version-history":[{"count":0,"href":"https:\/\/jms.com.bo\/mediamonitor\/wp-json\/wp\/v2\/posts\/56128\/revisions"}],"wp:featuredmedia":[{"embeddable":true,"href":"https:\/\/jms.com.bo\/mediamonitor\/wp-json\/wp\/v2\/media\/56129"}],"wp:attachment":[{"href":"https:\/\/jms.com.bo\/mediamonitor\/wp-json\/wp\/v2\/media?parent=56128"}],"wp:term":[{"taxonomy":"category","embeddable":true,"href":"https:\/\/jms.com.bo\/mediamonitor\/wp-json\/wp\/v2\/categories?post=56128"},{"taxonomy":"post_tag","embeddable":true,"href":"https:\/\/jms.com.bo\/mediamonitor\/wp-json\/wp\/v2\/tags?post=56128"}],"curies":[{"name":"wp","href":"https:\/\/api.w.org\/{rel}","templated":true}]}}