{"id":5614,"date":"2021-04-22T06:25:24","date_gmt":"2021-04-22T10:25:24","guid":{"rendered":"http:\/\/jms.com.bo\/mediamonitor\/?p=5614"},"modified":"2021-04-22T06:25:24","modified_gmt":"2021-04-22T10:25:24","slug":"cumbre-iberoamericana-aprueba-propuesta-de-bolivia-sobre-alivio-a-la-deuda-externa","status":"publish","type":"post","link":"https:\/\/jms.com.bo\/mediamonitor\/2021\/04\/22\/cumbre-iberoamericana-aprueba-propuesta-de-bolivia-sobre-alivio-a-la-deuda-externa\/","title":{"rendered":"Cumbre Iberoamericana aprueba propuesta de Bolivia sobre alivio a la deuda externa"},"content":{"rendered":"<p style=\"text-align: justify;\">El presidente del Estado, Luis Arce Catacora, salud\u00f3 este mi\u00e9rcoles la aprobaci\u00f3n del comunicado especial en la XXVII Cumbre Iberoamericana sobre el alivio a la deuda externa y crisis econ\u00f3mica, propuesto por Bolivia, que refleja la necesidad de generar un espacio de di\u00e1logo con los organismos internacionales para enfrentar las consecuencias financieras derivadas de la pandemia del coronavirus.<\/p>\n<p style=\"text-align: justify;\">\u201cSaludamos la aprobaci\u00f3n del comunicado especial sobre el alivio a la deuda externa y crisis econ\u00f3mica, propuesto por Bolivia, que refleja la necesidad de generar un espacio de di\u00e1logo con las instituciones financieras internacionales, con los organismos multilaterales y con los gobiernos con los que se tienen deudas\u201d, sostuvo durante su intervenci\u00f3n en la Cumbre que se desarrolla en Andorra.<\/p>\n<p style=\"text-align: justify;\">El Presidente manifest\u00f3 que la lucha para combatir la crisis en pa\u00edses en desarrollo debe afrontarse de forma integral por todas las naciones en el \u00e1mbito multilateral, frente a la problem\u00e1tica planteada, con la necesidad de conversar para que los organismos internacionales financiadores asuman responsabilidades.<\/p>\n<p style=\"text-align: justify;\">En pasados d\u00edas, en el marco de la Cumbre, los gobernadores de los bancos centrales de los 22 pa\u00edses miembro y altos representantes de diversas instituciones internacionales como el Banco de Pagos Internacionales y el Banco Mundial, se reunieron para dar una mejor respuesta a la crisis sanitaria, social y econ\u00f3mica.<\/p>\n<p style=\"text-align: justify;\">Durante el encuentro se abordaron dos cuestiones de gran relevancia. En primer lugar, se debati\u00f3 sobre las respuestas de pol\u00edtica monetaria a la crisis econ\u00f3mica causada por la pandemia del COVID-19 y sobre los retos a los que se enfrentan los bancos centrales en la actualidad para lograr el mantenimiento de unas condiciones financieras favorables que permitan consolidar la recuperaci\u00f3n.<\/p>\n<p style=\"text-align: justify;\">En general, se defendi\u00f3 que en el contexto actual de elevada incertidumbre y de recuperaci\u00f3n incipiente, la pol\u00edtica monetaria debe seguir facilitando el mantenimiento de unas condiciones financieras favorables que contribuyan a consolidar la salida de la crisis.<\/p>\n<p style=\"text-align: justify;\">Adem\u00e1s, se coincidi\u00f3 en la necesidad de que los bancos centrales, tanto en las econom\u00edas avanzadas como en las emergentes, permanezcan atentos al posible surgimiento de tensiones en los mercados financieros, que puedan provocar un deterioro de las condiciones de financiaci\u00f3n dada la situaci\u00f3n actual de aumento notable de la deuda p\u00fablica y privada.<\/p>\n<p style=\"text-align: justify;\">En segundo lugar, se debati\u00f3 sobre el papel que las instituciones financieras internacionales han venido desempe\u00f1ando para tratar de limitar el impacto de la pandemia sobre la econom\u00eda global y, en particular, sobre las econom\u00edas m\u00e1s vulnerables.<\/p>\n<p style=\"text-align: justify;\">No obstante, se insisti\u00f3 en la necesidad de profundizar en el apoyo a los pa\u00edses de renta media que, en muchos casos, han experimentado importantes retrocesos en materia de pobreza y desigualdad durante esta crisis y que tienen que hacer frente a la misma con un espacio muy limitado en sus pol\u00edticas nacionales.<\/p>\n","protected":false},"excerpt":{"rendered":"<p>El presidente del Estado, Luis Arce Catacora, salud\u00f3 este mi\u00e9rcoles la aprobaci\u00f3n del comunicado especial en la XXVII Cumbre Iberoamericana sobre el alivio a la deuda externa y crisis econ\u00f3mica, propuesto por Bolivia, que refleja la necesidad de generar un espacio de di\u00e1logo con los organismos internacionales para enfrentar las consecuencias financieras derivadas de la [&hellip;]<\/p>\n","protected":false},"author":4,"featured_media":5615,"comment_status":"open","ping_status":"open","sticky":false,"template":"","format":"standard","meta":{"footnotes":""},"categories":[25],"tags":[],"class_list":{"0":"post-5614","1":"post","2":"type-post","3":"status-publish","4":"format-standard","5":"has-post-thumbnail","7":"category-economia"},"_links":{"self":[{"href":"https:\/\/jms.com.bo\/mediamonitor\/wp-json\/wp\/v2\/posts\/5614","targetHints":{"allow":["GET"]}}],"collection":[{"href":"https:\/\/jms.com.bo\/mediamonitor\/wp-json\/wp\/v2\/posts"}],"about":[{"href":"https:\/\/jms.com.bo\/mediamonitor\/wp-json\/wp\/v2\/types\/post"}],"author":[{"embeddable":true,"href":"https:\/\/jms.com.bo\/mediamonitor\/wp-json\/wp\/v2\/users\/4"}],"replies":[{"embeddable":true,"href":"https:\/\/jms.com.bo\/mediamonitor\/wp-json\/wp\/v2\/comments?post=5614"}],"version-history":[{"count":1,"href":"https:\/\/jms.com.bo\/mediamonitor\/wp-json\/wp\/v2\/posts\/5614\/revisions"}],"predecessor-version":[{"id":5616,"href":"https:\/\/jms.com.bo\/mediamonitor\/wp-json\/wp\/v2\/posts\/5614\/revisions\/5616"}],"wp:featuredmedia":[{"embeddable":true,"href":"https:\/\/jms.com.bo\/mediamonitor\/wp-json\/wp\/v2\/media\/5615"}],"wp:attachment":[{"href":"https:\/\/jms.com.bo\/mediamonitor\/wp-json\/wp\/v2\/media?parent=5614"}],"wp:term":[{"taxonomy":"category","embeddable":true,"href":"https:\/\/jms.com.bo\/mediamonitor\/wp-json\/wp\/v2\/categories?post=5614"},{"taxonomy":"post_tag","embeddable":true,"href":"https:\/\/jms.com.bo\/mediamonitor\/wp-json\/wp\/v2\/tags?post=5614"}],"curies":[{"name":"wp","href":"https:\/\/api.w.org\/{rel}","templated":true}]}}