{"id":5617,"date":"2021-04-22T06:27:15","date_gmt":"2021-04-22T10:27:15","guid":{"rendered":"http:\/\/jms.com.bo\/mediamonitor\/?p=5617"},"modified":"2021-04-22T06:27:15","modified_gmt":"2021-04-22T10:27:15","slug":"confederacion-de-empresarios-atender-pedido-de-alza-salarial-es-arriesgar-de-manera-irresponsable-las-pocas-fuentes-de-empleo-digno","status":"publish","type":"post","link":"https:\/\/jms.com.bo\/mediamonitor\/2021\/04\/22\/confederacion-de-empresarios-atender-pedido-de-alza-salarial-es-arriesgar-de-manera-irresponsable-las-pocas-fuentes-de-empleo-digno\/","title":{"rendered":"Confederaci\u00f3n de Empresarios: \u00abAtender pedido de alza salarial es arriesgar de manera irresponsable las pocas fuentes de empleo digno\u00bb"},"content":{"rendered":"<p style=\"text-align: justify;\">La Confederaci\u00f3n de Empresarios Privados de Bolivia (CEPB) afirma que el Gobierno no ha adoptado medidas suficientes destinadas a la reactivaci\u00f3n y protecci\u00f3n del sector productivo y el empleo, de tal suerte que todav\u00eda, el pa\u00eds espera definiciones orientadas al establecimiento de un programa sostenible y viable, que permita recuperar la cotidianeidad, en condiciones de mediana normalidad. En este sentido, rechazan la posibilidad de un incremento salarial para 2021.<\/p>\n<p style=\"text-align: justify;\">Las declaraciones de la entidad gremial surgen ante el inicio de reuniones entre autoridades del \u00d3rgano Ejecutivo y la dirigencia de la Central Obrera Boliviana (COB) en las que se analizar\u00e1n las propuestas de incremento salarial, por lo que expresa su rechazo. \u00abLa atenci\u00f3n a un pedido de incremento salarial no s\u00f3lo desconoce la realidad devastadora que atraviesa el sector productivo, sino lo que es m\u00e1s preocupante a\u00fan, arriesga de manera irresponsable las pocas fuentes de empleo digno que, a\u00fan se pueden sostener, en detrimento de aquellos trabajadores que todav\u00eda tienen la oportunidad de acceder a un empleo formal y protegido\u00bb, indicaron desde la instituci\u00f3n.<\/p>\n<p style=\"text-align: justify;\">Las micro y peque\u00f1as empresas<\/p>\n<p style=\"text-align: justify;\">Para las mypes, un aumento salarial significar\u00e1 una ola de cierres y despidos; para una gran cantidad de trabajadores, significar\u00e1 el cese de su relaci\u00f3n laboral y el ingreso a la informalidad, la precarizaci\u00f3n y el subempleo.<\/p>\n<p style=\"text-align: justify;\">Si las empresas no pueden cubrir un aumento salarial para sus propios trabajadores, menos a\u00fan, podr\u00e1n considerar la posibilidad de dar empleo al extenso n\u00famero de desocupados (407.000) o a la cantidad de j\u00f3venes que este a\u00f1o, entrar\u00e1n en el mercado de trabajo (150.000), lo que obviamente, tambi\u00e9n se extiende hacia la imposibilidad de que el sector p\u00fablico absorba esta masa laboral, en condiciones de protecci\u00f3n total.<\/p>\n<p style=\"text-align: justify;\">La atenci\u00f3n a las pretensiones encaminadas por la Central Obrera Boliviana, necesariamente, debe estar precedida de las consultas y examen de la realidad de los trabajadores, pero tambi\u00e9n de los empleadores bolivianos, a quienes se nos pretende obligar a absorber costos adicionales que ya no podemos solventar, ni mucho menos, asumir regulaciones adicionales que, tambi\u00e9n tengan un impacto negativo en el empleo digno y la actividad productiva formal en el pa\u00eds.<\/p>\n<p style=\"text-align: justify;\">Como sector empresarial privado, dicen que ven con mucha preocupaci\u00f3n las consecuencias de las medidas que se asuman a este respecto, que beneficiando solamente al 16% de la poblaci\u00f3n ocupada, inciden gravemente en el incremento del desempleo y la subocupaci\u00f3n y, dejan de lado la soluci\u00f3n de los verdaderos problemas que deben ocupar nuestra atenci\u00f3n, como son la reactivaci\u00f3n de la econom\u00eda y la generaci\u00f3n de m\u00e1s empleo digno, la atenci\u00f3n a la crisis sanitaria y ofrecer mejores oportunidades para todos que, no ser\u00e1n posibles sin el concurso, decidido y comprometido, del sector privado y de todos los actores.<\/p>\n<p style=\"text-align: justify;\">En este sentido, los empresarios demandan encaminar un proceso urgente de di\u00e1logo constructivo y exhaustivo que permita participar del dise\u00f1o de las medidas destinadas a reactivar la econom\u00eda, superar la crisis sanitaria y atender las necesidades de empleo de nuestra poblaci\u00f3n.<\/p>\n<p style=\"text-align: justify;\">No hay se\u00f1ales de reactivaci\u00f3n<\/p>\n<p style=\"text-align: justify;\">Los empresarios indican que los datos del panorama econ\u00f3mico en el pa\u00eds muestran una realidad que dista, sustancialmente, de una reactivaci\u00f3n econ\u00f3mica. \u00abEstamos atravesando por un proceso de grave crisis y contracci\u00f3n que, a fines de 2020, marc\u00f3 una ca\u00edda del PIB del -11.1%. Esas cifras son las m\u00e1s cr\u00edticas de la historia moderna del pa\u00eds, a\u00fan mayores a las registradas en la hiperinflaci\u00f3n de 1982 (-6.5%) y comparables con la de 1954 (-9,5%)\u00bb, se\u00f1ala el documento enviado a EL DEBER.<\/p>\n<p style=\"text-align: justify;\">Pese a este dif\u00edcil momento &#8211; dice la CEPB-el sector productivo boliviano ha continuado prestando servicios y produciendo bienes, a\u00fan a riesgo de su propia supervivencia, pretendiendo, en todo momento, resguardar las fuentes de empleo formal. Adicionalmente, debe destacarse la indiscutible solidaridad demostrada entre los empleadores y trabajadores, como tambi\u00e9n a toda la poblaci\u00f3n, durante la imprevista cuarentena r\u00edgida.<\/p>\n","protected":false},"excerpt":{"rendered":"<p>La Confederaci\u00f3n de Empresarios Privados de Bolivia (CEPB) afirma que el Gobierno no ha adoptado medidas suficientes destinadas a la reactivaci\u00f3n y protecci\u00f3n del sector productivo y el empleo, de tal suerte que todav\u00eda, el pa\u00eds espera definiciones orientadas al establecimiento de un programa sostenible y viable, que permita recuperar la cotidianeidad, en condiciones de [&hellip;]<\/p>\n","protected":false},"author":4,"featured_media":5618,"comment_status":"open","ping_status":"open","sticky":false,"template":"","format":"standard","meta":{"footnotes":""},"categories":[25,45,48],"tags":[],"class_list":{"0":"post-5617","1":"post","2":"type-post","3":"status-publish","4":"format-standard","5":"has-post-thumbnail","7":"category-economia","8":"category-portada-economia","9":"category-portada-general-sitio"},"_links":{"self":[{"href":"https:\/\/jms.com.bo\/mediamonitor\/wp-json\/wp\/v2\/posts\/5617","targetHints":{"allow":["GET"]}}],"collection":[{"href":"https:\/\/jms.com.bo\/mediamonitor\/wp-json\/wp\/v2\/posts"}],"about":[{"href":"https:\/\/jms.com.bo\/mediamonitor\/wp-json\/wp\/v2\/types\/post"}],"author":[{"embeddable":true,"href":"https:\/\/jms.com.bo\/mediamonitor\/wp-json\/wp\/v2\/users\/4"}],"replies":[{"embeddable":true,"href":"https:\/\/jms.com.bo\/mediamonitor\/wp-json\/wp\/v2\/comments?post=5617"}],"version-history":[{"count":1,"href":"https:\/\/jms.com.bo\/mediamonitor\/wp-json\/wp\/v2\/posts\/5617\/revisions"}],"predecessor-version":[{"id":5619,"href":"https:\/\/jms.com.bo\/mediamonitor\/wp-json\/wp\/v2\/posts\/5617\/revisions\/5619"}],"wp:featuredmedia":[{"embeddable":true,"href":"https:\/\/jms.com.bo\/mediamonitor\/wp-json\/wp\/v2\/media\/5618"}],"wp:attachment":[{"href":"https:\/\/jms.com.bo\/mediamonitor\/wp-json\/wp\/v2\/media?parent=5617"}],"wp:term":[{"taxonomy":"category","embeddable":true,"href":"https:\/\/jms.com.bo\/mediamonitor\/wp-json\/wp\/v2\/categories?post=5617"},{"taxonomy":"post_tag","embeddable":true,"href":"https:\/\/jms.com.bo\/mediamonitor\/wp-json\/wp\/v2\/tags?post=5617"}],"curies":[{"name":"wp","href":"https:\/\/api.w.org\/{rel}","templated":true}]}}