{"id":56200,"date":"2023-08-15T06:34:31","date_gmt":"2023-08-15T10:34:31","guid":{"rendered":"https:\/\/jms.com.bo\/mediamonitor\/2023\/08\/14\/exportaciones-precios-de-la-soya-y-sus-derivados-caen-un-20-y-425\/"},"modified":"2023-08-15T06:34:43","modified_gmt":"2023-08-15T10:34:43","slug":"exportaciones-precios-de-la-soya-y-sus-derivados-caen-un-20-y-425-2","status":"publish","type":"post","link":"https:\/\/jms.com.bo\/mediamonitor\/2023\/08\/15\/exportaciones-precios-de-la-soya-y-sus-derivados-caen-un-20-y-425-2\/","title":{"rendered":"Exportaciones, precios de la soya y sus derivados caen un 20 y 42,5%"},"content":{"rendered":"<p style=\"text-align: justify;\">Merma el precio de los granos en el mercado global. Hasta junio, el costo del grano de soya cay\u00f3 un 20% con relaci\u00f3n al mismo periodo de la anterior gesti\u00f3n, afirma el Instituto Boliviano de Comercio Exterior (IBCE), en base a datos oficiales. A la ca\u00edda del grano se sum\u00f3 la de los derivados como el aceite de soya que baj\u00f3 hasta un 42,5%.<\/p>\n<p style=\"text-align: justify;\">Mar\u00eda Esther Pe\u00f1a, gerente t\u00e9cnico del IBCE, se\u00f1al\u00f3 que las exportaciones de alimentos y productos agroindustriales se manejan y cotizan en precios internacionales por lo que cualquier ca\u00edda en el mercado global afecta las ventas externas del pa\u00eds.<\/p>\n<p style=\"text-align: justify;\">La ejecutiva explic\u00f3 que, en el caso de la soya, hasta junio de 2023 estaba en $us 590 la tonelada.<\/p>\n<p style=\"text-align: justify;\">\u201cEs decir, que ha ca\u00eddo casi un 20% el precio del grano de soya correspondiente a lo que es la gesti\u00f3n pasada en el mismo periodo de tiempo\u201d, explic\u00f3.<\/p>\n<p style=\"text-align: justify;\">Otro de lo productos que est\u00e1 cotizando a la baja es el aceite de soya.<br \/>\nSeg\u00fan datos del Banco Mundial, en junio de 2023 los precios fueron superiores a $us 1.000 por tonelada. \u201cSin embargo, el mismo periodo de tiempo -junio- de 2022 fue m\u00e1s de $us 1.700 la tonelada m\u00e9trica, teniendo una ca\u00edda del 42.5%\u201d, dijo Pe\u00f1a.<\/p>\n<p style=\"text-align: justify;\">Mientras que la harina de soya, a junio 2023 se cotiza en $us 492 la tonelada, pero en junio de 2022 se cotizaba $us 528. \u201cTuvo una ca\u00edda no muy amplia, pero al igual un decrecimiento del 7%. Si hablamos del aceite de girasol, seg\u00fan tambi\u00e9n el Banco Mundial, en junio del 2023 el precio internacional estaba en m\u00e1s de $us 900 la tonelada m\u00e9trica y en junio del 2022 estaba en m\u00e1s de 1.884 d\u00f3lares la tonelada m\u00e9trica, teniendo una disminuci\u00f3n del 52% en el tema de precios internacionales\u201d, agrega Pe\u00f1a.<\/p>\n<p style=\"text-align: justify;\">A escala global, la ca\u00edda del precio de la soya se explica por las lluvias en zonas productoras necesitadas de agua en Estados Unidos, que presionaron la baja del grano y el ma\u00edz, seg\u00fan datos del Departamento de Agricultura de Estados Unidos (USDA).<\/p>\n<p style=\"text-align: justify;\">Mientras que un aumento en las tensiones b\u00e9licas en el Mar Negro entre Rusia y Ucrania impulsaron hacia arriba al trigo.<\/p>\n<p style=\"text-align: justify;\">Isidoro Barrientos presidente de la C\u00e1mara Agropecuaria de Peque\u00f1os Productores (Cappo) se\u00f1al\u00f3 que por el momento no existe un precio para la soya en el mercado interno, porque reci\u00e9n se est\u00e1 terminando la siembra de invierno.<\/p>\n<p style=\"text-align: justify;\">\u201cY termin\u00f3 la siembra y aun no hay precio oficial de parte de las industrias\u201d, se\u00f1al\u00f3.<\/p>\n<p style=\"text-align: justify;\">Sostuvo que a partir de octubre y septiembre se tendr\u00e1 una referencia exacta sobre el costo del grano. Eso s\u00ed, anticip\u00f3 que hay un promedio de entre $us 410 y $us 420 la tonelada del grano.<\/p>\n<p style=\"text-align: justify;\">Volatilidad<\/p>\n<p style=\"text-align: justify;\">El economista, German Molina, manifest\u00f3 que el mercado externo actualmente est\u00e1 muy vol\u00e1til por la guerra entre Rusia y Ucrania.<br \/>\nA esto suma el hecho de que China, seg\u00fan informaci\u00f3n de organismos internacionales, est\u00e1 entrando un periodo de declinaci\u00f3n en su econom\u00eda.<br \/>\n\u201cEso nos va a afectar a todo el mundo\u201d, dijo el especialista.<\/p>\n<p style=\"text-align: justify;\">Ante esta situaci\u00f3n, seg\u00fan Molina, el sector privado, a diferencia del p\u00fablico, tiene que ajustar sus costos de producci\u00f3n; es decir, bajar algunos \u00edtems que sean prescindibles de ser ajustados.<\/p>\n<p style=\"text-align: justify;\">Para cortar esta dependencia, el especialista plante\u00f3 una alianza p\u00fablica-privada para buscar m\u00e1s mercados en el exterior y para diversificar el portafolio exportador del pa\u00eds.<\/p>\n<p style=\"text-align: justify;\">Seg\u00fan el Instituto Nacional de Estad\u00edsticas (INE) las exportaciones bolivianas a mayo del 2023 sumaron $us 4.575 millones, mientras que las importaciones totalizaron $us 4.741 millones, arrojando un saldo comercial deficitario de $us 166 millones. Hasta mayo, las exportaciones del pa\u00eds cayeron un 23% en t\u00e9rminos de valor y un 20% en volumen, una doble preocupaci\u00f3n.<\/p>\n<p style=\"text-align: justify;\">Del total exportado, un 75% fue de productos tradicionales. Y un 25%, es decir, m\u00e1s de $us 1.134 millones de productos no tradicionales.<\/p>\n","protected":false},"excerpt":{"rendered":"<p>Merma el precio de los granos en el mercado global. Hasta junio, el costo del grano de soya cay\u00f3 un 20% con relaci\u00f3n al mismo periodo de la anterior gesti\u00f3n, afirma el Instituto Boliviano de Comercio Exterior (IBCE), en base a datos oficiales. A la ca\u00edda del grano se sum\u00f3 la de los derivados como [&hellip;]<\/p>\n","protected":false},"author":4,"featured_media":56316,"comment_status":"open","ping_status":"closed","sticky":false,"template":"","format":"standard","meta":{"footnotes":""},"categories":[25],"tags":[],"class_list":{"0":"post-56200","1":"post","2":"type-post","3":"status-publish","4":"format-standard","5":"has-post-thumbnail","7":"category-economia"},"_links":{"self":[{"href":"https:\/\/jms.com.bo\/mediamonitor\/wp-json\/wp\/v2\/posts\/56200","targetHints":{"allow":["GET"]}}],"collection":[{"href":"https:\/\/jms.com.bo\/mediamonitor\/wp-json\/wp\/v2\/posts"}],"about":[{"href":"https:\/\/jms.com.bo\/mediamonitor\/wp-json\/wp\/v2\/types\/post"}],"author":[{"embeddable":true,"href":"https:\/\/jms.com.bo\/mediamonitor\/wp-json\/wp\/v2\/users\/4"}],"replies":[{"embeddable":true,"href":"https:\/\/jms.com.bo\/mediamonitor\/wp-json\/wp\/v2\/comments?post=56200"}],"version-history":[{"count":1,"href":"https:\/\/jms.com.bo\/mediamonitor\/wp-json\/wp\/v2\/posts\/56200\/revisions"}],"predecessor-version":[{"id":56315,"href":"https:\/\/jms.com.bo\/mediamonitor\/wp-json\/wp\/v2\/posts\/56200\/revisions\/56315"}],"wp:featuredmedia":[{"embeddable":true,"href":"https:\/\/jms.com.bo\/mediamonitor\/wp-json\/wp\/v2\/media\/56316"}],"wp:attachment":[{"href":"https:\/\/jms.com.bo\/mediamonitor\/wp-json\/wp\/v2\/media?parent=56200"}],"wp:term":[{"taxonomy":"category","embeddable":true,"href":"https:\/\/jms.com.bo\/mediamonitor\/wp-json\/wp\/v2\/categories?post=56200"},{"taxonomy":"post_tag","embeddable":true,"href":"https:\/\/jms.com.bo\/mediamonitor\/wp-json\/wp\/v2\/tags?post=56200"}],"curies":[{"name":"wp","href":"https:\/\/api.w.org\/{rel}","templated":true}]}}