{"id":56206,"date":"2023-08-14T06:39:51","date_gmt":"2023-08-14T10:39:51","guid":{"rendered":"https:\/\/jms.com.bo\/mediamonitor\/2023\/08\/14\/la-union-de-caneros-guabira-se-declara-en-emergencia-por-los-bloqueos\/"},"modified":"2023-08-14T06:39:51","modified_gmt":"2023-08-14T10:39:51","slug":"la-union-de-caneros-guabira-se-declara-en-emergencia-por-los-bloqueos","status":"publish","type":"post","link":"https:\/\/jms.com.bo\/mediamonitor\/2023\/08\/14\/la-union-de-caneros-guabira-se-declara-en-emergencia-por-los-bloqueos\/","title":{"rendered":"La Uni\u00f3n de Ca\u00f1eros Guabir\u00e1 se declara en emergencia por los bloqueos"},"content":{"rendered":"<p style=\"text-align: justify;\">La Uni\u00f3n de Ca\u00f1eros Guabir\u00e1 se declar\u00f3 en estado de emergencia en rechazo a los bloqueos en distintas localidades de su zona de influencia productiva. El anuncio lo realiz\u00f3 el directorio de la instituci\u00f3n a trav\u00e9s de un comunicado dado a conocer este domingo, 13 de agosto, y llama a una mesa de di\u00e1logo \u201cpara llegar a un escenario de soluciones reales\u201d.<\/p>\n<p style=\"text-align: justify;\">La instituci\u00f3n que aglutina a m\u00e1s de 1600 ca\u00f1eros \u201cexpresamos nuestros rechazo absoluto a los bloqueos\u2026 Las demandas de la ciudadan\u00eda deben ser escuchadas y atendidas oportunamente, al mismo tiempo que, estas demandas, deben ser canalizadas a trav\u00e9s de los distintos entes llamados por ley a visualizarlas en el entendido, de que todo se soluciona a trav\u00e9s del di\u00e1logo, en una mesa, donde prime el escucharse unos a otros para llegar a un escenario de soluciones reales y donde todos ganen y que prime el bien com\u00fan\u201d, dice el comunicado y agrega que, de esta manera, no se elaborar\u00e1 \u201cla labor productiva ca\u00f1era y de los distintos sectores que generan econom\u00eda con su trabajo digno y sacrificado\u201d.<\/p>\n<p style=\"text-align: justify;\">La Uni\u00f3n de Ca\u00f1eros Guabir\u00e1 indica que la zafra ca\u00f1era arranc\u00f3 este a\u00f1o con retraso por factores climatol\u00f3gicos, lo que ha puesto en riesgo sus cosechas y que ca\u00f1eros e industriales est\u00e1n haciendo el esfuerzo necesario para revertir esa situaci\u00f3n. Aseguran que los bloqueos est\u00e1n entorpeciendo ese esfuerzo.<\/p>\n<p style=\"text-align: justify;\">\u201cExigimos a las autoridades municipales, departamentales y nacionales, priorizar la gesti\u00f3n, despoj\u00e1ndose de intereses pol\u00edticos mezquinos que atentan contra nuestro trabajo, que es en pro de mejores d\u00edas para nuestro pa\u00eds y la ciudadan\u00eda, garantizando as\u00ed la producci\u00f3n y abastecimiento de alimentos para los hogares bolivianos\u201d, interpela la instituci\u00f3n a las autoridades y les recuerda que \u201clas autoridades de los distintos niveles fueron electas para dar certidumbre a las familias bolivianas\u201d.<\/p>\n<p style=\"text-align: justify;\">Por su parte, Gary Rodr\u00edguez, gerente general del Instituto Boliviano de Comercio Exterior (IBCE), dijo que la instituci\u00f3n que representa respalda esta preocupaci\u00f3n de los ca\u00f1eros y coincide en su invitaci\u00f3n al di\u00e1logo. Rodr\u00edguez enfatiza en que es necesario que haya certidumbre \u201cque es condici\u00f3n necesaria para que la gente no viva en zozobra\u201d. Las autoridades son las llamadas a garantizar y hacer cumplir las leyes \u201csabiendo que donde comienza el derecho de una persona termina el derecho de otra. Una sociedad que se precie de civilizada tiene que aprender a resolver sus demandas, sus diferencias por la fuerza de la raz\u00f3n y no por la raz\u00f3n de la fuerza\u201d, concluye el gerente general del IBCE.<\/p>\n","protected":false},"excerpt":{"rendered":"<p>La Uni\u00f3n de Ca\u00f1eros Guabir\u00e1 se declar\u00f3 en estado de emergencia en rechazo a los bloqueos en distintas localidades de su zona de influencia productiva. El anuncio lo realiz\u00f3 el directorio de la instituci\u00f3n a trav\u00e9s de un comunicado dado a conocer este domingo, 13 de agosto, y llama a una mesa de di\u00e1logo \u201cpara [&hellip;]<\/p>\n","protected":false},"author":4,"featured_media":56207,"comment_status":"open","ping_status":"closed","sticky":false,"template":"","format":"standard","meta":{"footnotes":""},"categories":[49],"tags":[],"class_list":{"0":"post-56206","1":"post","2":"type-post","3":"status-publish","4":"format-standard","5":"has-post-thumbnail","7":"category-social"},"_links":{"self":[{"href":"https:\/\/jms.com.bo\/mediamonitor\/wp-json\/wp\/v2\/posts\/56206","targetHints":{"allow":["GET"]}}],"collection":[{"href":"https:\/\/jms.com.bo\/mediamonitor\/wp-json\/wp\/v2\/posts"}],"about":[{"href":"https:\/\/jms.com.bo\/mediamonitor\/wp-json\/wp\/v2\/types\/post"}],"author":[{"embeddable":true,"href":"https:\/\/jms.com.bo\/mediamonitor\/wp-json\/wp\/v2\/users\/4"}],"replies":[{"embeddable":true,"href":"https:\/\/jms.com.bo\/mediamonitor\/wp-json\/wp\/v2\/comments?post=56206"}],"version-history":[{"count":0,"href":"https:\/\/jms.com.bo\/mediamonitor\/wp-json\/wp\/v2\/posts\/56206\/revisions"}],"wp:featuredmedia":[{"embeddable":true,"href":"https:\/\/jms.com.bo\/mediamonitor\/wp-json\/wp\/v2\/media\/56207"}],"wp:attachment":[{"href":"https:\/\/jms.com.bo\/mediamonitor\/wp-json\/wp\/v2\/media?parent=56206"}],"wp:term":[{"taxonomy":"category","embeddable":true,"href":"https:\/\/jms.com.bo\/mediamonitor\/wp-json\/wp\/v2\/categories?post=56206"},{"taxonomy":"post_tag","embeddable":true,"href":"https:\/\/jms.com.bo\/mediamonitor\/wp-json\/wp\/v2\/tags?post=56206"}],"curies":[{"name":"wp","href":"https:\/\/api.w.org\/{rel}","templated":true}]}}