{"id":56208,"date":"2023-08-14T06:42:36","date_gmt":"2023-08-14T10:42:36","guid":{"rendered":"https:\/\/jms.com.bo\/mediamonitor\/2023\/08\/14\/nevada-obliga-a-cerrar-algunas-vias-en-la-paz\/"},"modified":"2023-08-14T06:42:36","modified_gmt":"2023-08-14T10:42:36","slug":"nevada-obliga-a-cerrar-algunas-vias-en-la-paz","status":"publish","type":"post","link":"https:\/\/jms.com.bo\/mediamonitor\/2023\/08\/14\/nevada-obliga-a-cerrar-algunas-vias-en-la-paz\/","title":{"rendered":"Nevada obliga a cerrar algunas v\u00edas en La Paz"},"content":{"rendered":"<p style=\"text-align: justify;\">Una intensa nevada cay\u00f3 en la madrugada de este domingo en varios municipios del departamento de La Paz, obligando al cierre de algunas rutas y suspendiendo, por algunas horas, las operaciones en el aeropuerto de El Alto. Los vuelos se normalizaron a partir de las 9:00 de la ma\u00f1ana.<\/p>\n<p style=\"text-align: justify;\">Seg\u00fan reportes de los medios pace\u00f1os, cay\u00f3 nieve no solo en la ciudad de El Alto, sino tambi\u00e9n en la Cumbre, en la ruta a los Yungas y en algunas zonas altas de la ciudad de La Paz.\u200b<\/p>\n<p style=\"text-align: justify;\">Los alte\u00f1os despertaron con sus v\u00edas cubiertas por nieve, tras un descenso brusco de las temperaturas.<\/p>\n<p style=\"text-align: justify;\">La Polic\u00eda ha recomendado a los viajeros que se dirigen hacia los Yungas o transiten por la zona de la Cumbre, manejar con precauci\u00f3n. La salida de buses de la terminal de Minasa se desarrolla de forma normal, aunque las autoridades piden manejar con precauci\u00f3n.<\/p>\n<p style=\"text-align: justify;\">Desde el Servicio Nacional de Meteorolog\u00eda e Hidrolog\u00eda (Senamhi), el s\u00e1bado se inform\u00f3 del ingreso de un frente fr\u00edo al pa\u00eds, con bruscos descenso de temperaturas y nevadas en varios sectores de La Paz y El Alto.\u200b<\/p>\n<p style=\"text-align: justify;\">De hecho, el s\u00e1bado se registraron nevadas en Tiquina y Copacabana. Este fen\u00f3meno caus\u00f3 benepl\u00e1cito a los pobladores, considerando que la zona viene siendo afectada por la sequ\u00eda.<\/p>\n<p style=\"text-align: justify;\">Kenny Quisbert, pronosticador del Senamhi, explic\u00f3 que se emiti\u00f3 un aviso de alerta naranja para seis departamentos del pa\u00eds, Tarija, Chuquisaca, Santa Cruz, Beni, Pando y La Paz.<\/p>\n<p style=\"text-align: justify;\">El s\u00e1bado se registraron nevadas en varias regiones del departamento de Potos\u00ed, un intenso fr\u00edo en Cochabamba, mientras que en Santa Cruz tambi\u00e9n ingres\u00f3 un frente fr\u00edo con intensos vientos.<\/p>\n<p style=\"text-align: justify;\">Seg\u00fan el Senamhi, las temperaturas comenzar\u00e1n a ascender entre el lunes y martes, sobre todo en el oriente boliviano.<\/p>\n","protected":false},"excerpt":{"rendered":"<p>Una intensa nevada cay\u00f3 en la madrugada de este domingo en varios municipios del departamento de La Paz, obligando al cierre de algunas rutas y suspendiendo, por algunas horas, las operaciones en el aeropuerto de El Alto. Los vuelos se normalizaron a partir de las 9:00 de la ma\u00f1ana. Seg\u00fan reportes de los medios pace\u00f1os, [&hellip;]<\/p>\n","protected":false},"author":4,"featured_media":56209,"comment_status":"open","ping_status":"closed","sticky":false,"template":"","format":"standard","meta":{"footnotes":""},"categories":[20],"tags":[],"class_list":{"0":"post-56208","1":"post","2":"type-post","3":"status-publish","4":"format-standard","5":"has-post-thumbnail","7":"category-actualidad"},"_links":{"self":[{"href":"https:\/\/jms.com.bo\/mediamonitor\/wp-json\/wp\/v2\/posts\/56208","targetHints":{"allow":["GET"]}}],"collection":[{"href":"https:\/\/jms.com.bo\/mediamonitor\/wp-json\/wp\/v2\/posts"}],"about":[{"href":"https:\/\/jms.com.bo\/mediamonitor\/wp-json\/wp\/v2\/types\/post"}],"author":[{"embeddable":true,"href":"https:\/\/jms.com.bo\/mediamonitor\/wp-json\/wp\/v2\/users\/4"}],"replies":[{"embeddable":true,"href":"https:\/\/jms.com.bo\/mediamonitor\/wp-json\/wp\/v2\/comments?post=56208"}],"version-history":[{"count":0,"href":"https:\/\/jms.com.bo\/mediamonitor\/wp-json\/wp\/v2\/posts\/56208\/revisions"}],"wp:featuredmedia":[{"embeddable":true,"href":"https:\/\/jms.com.bo\/mediamonitor\/wp-json\/wp\/v2\/media\/56209"}],"wp:attachment":[{"href":"https:\/\/jms.com.bo\/mediamonitor\/wp-json\/wp\/v2\/media?parent=56208"}],"wp:term":[{"taxonomy":"category","embeddable":true,"href":"https:\/\/jms.com.bo\/mediamonitor\/wp-json\/wp\/v2\/categories?post=56208"},{"taxonomy":"post_tag","embeddable":true,"href":"https:\/\/jms.com.bo\/mediamonitor\/wp-json\/wp\/v2\/tags?post=56208"}],"curies":[{"name":"wp","href":"https:\/\/api.w.org\/{rel}","templated":true}]}}