{"id":56303,"date":"2023-08-15T06:25:58","date_gmt":"2023-08-15T10:25:58","guid":{"rendered":"https:\/\/jms.com.bo\/mediamonitor\/2023\/08\/15\/reportan-disminucion-de-aguas-del-lago-titicaca\/"},"modified":"2023-08-15T06:25:58","modified_gmt":"2023-08-15T10:25:58","slug":"reportan-disminucion-de-aguas-del-lago-titicaca","status":"publish","type":"post","link":"https:\/\/jms.com.bo\/mediamonitor\/2023\/08\/15\/reportan-disminucion-de-aguas-del-lago-titicaca\/","title":{"rendered":"Reportan disminuci\u00f3n de aguas del Lago Titicaca"},"content":{"rendered":"<p style=\"text-align: justify;\">El viceministro de Medio Ambiente, Mag\u00edn Herrera, inform\u00f3 ayer, lunes, que el Lago Titicaca presenta una disminuci\u00f3n preocupante en sus niveles de agua, al igual que la reducci\u00f3n de los nevados Chacaltaya y Charquini, los encargados de la recarga h\u00eddrica en r\u00edos y lagos.<\/p>\n<p style=\"text-align: justify;\">La direcci\u00f3n de hidrolog\u00eda del Servicio Nacional de Meteorolog\u00eda e Hidrolog\u00eda (Senamhi) inform\u00f3 a la ANF el 26 de julio que el descenso del nivel de agua en el Lago Titicaca est\u00e1 a punto de alcanzar el promedio m\u00e1s bajo experimentado desde septiembre de 1996 con 3.807,39 msnm. Y, en junio de este a\u00f1o, la medici\u00f3n lleg\u00f3 a 3.807,76 msnm y en la semana del 1 al 7 de julio esos niveles m\u00ednimos marcaron 3.807,67.<\/p>\n<p style=\"text-align: justify;\">\u201cEl Lago Titicaca y otros r\u00edos son de mucha preocupaci\u00f3n. Hemos visitado los glaciales Chacaltaya y Charquini para objetivar y visibilizar cu\u00e1l es el estado de estos nevados que tenemos, porque ellos son los que hacen la recarga h\u00eddrica; y, efectivamente, est\u00e1n disminuidos\u201d, dijo Herrera en RTP.<\/p>\n<p style=\"text-align: justify;\">La autoridad atribuy\u00f3 la afectaci\u00f3n al calentamiento global; sin embargo, indic\u00f3 que se realizan tareas conjuntas para tratar de mitigar las consecuencias en el ecosistema del altiplano.<\/p>\n<p style=\"text-align: justify;\">En las pr\u00f3ximas semanas se tiene previsto que los pobladores de Desaguadero y Huarina planteen soluciones para paliar el impacto en sus formas de vida que se basa, principalmente, en la agricultura. Las autoridades de Per\u00fa y Bolivia tambi\u00e9n tienen previsto tratar el tema.<\/p>\n<p style=\"text-align: justify;\">\u201cSon aguas internacionales el Lago Titicaca porque es compartido con Per\u00fa; sin embargo, tiene que pasar por una conversaci\u00f3n bilateral, tenemos instancias como la Canciller\u00eda. Iremos de a poco, porque hay un encuentro previsto entre comunidades peruanas y se pueda encontrar mecanismo de preservaci\u00f3n del Lago Titicaca porque de all\u00e1 se genera peces pejerrey (y otros peces)\u201d, dijo el viceministro.<\/p>\n<p style=\"text-align: justify;\">El presidente de la Fejuve de Huarina, Jaime Mamani, inform\u00f3 que este a\u00f1o el agua del Lago Titicaca baj\u00f3 sustancialmente. \u201cYa no tenemos r\u00edos\u201d, asegur\u00f3 el dirigente vecinal.<\/p>\n<p style=\"text-align: justify;\">Huarina es un poblado ribere\u00f1o, ubicado a 77 kil\u00f3metros de La Paz. Mamani cont\u00f3 que, en marzo de este a\u00f1o, enviaron un informe al Ministerio de Defensa sobre lo acontecido, pero hasta la fecha no recibieron una respuesta concreta. En mayo, funcionarios de esa cartera de Estado s\u00f3lo les entregaron algunos v\u00edveres como arroz, fideo y aceite.<\/p>\n<p style=\"text-align: justify;\">CONTAMINACI\u00d3N<\/p>\n<p style=\"text-align: justify;\">Te\u00f3filo Choquevillca, alcalde del municipio de Copacabana, apunt\u00f3 a Puno (Per\u00fa) como el epicentro de la contaminaci\u00f3n del lago Titicaca, y tambi\u00e9n se\u00f1al\u00f3 a las aguas servidas de la ciudad de El Alto.<\/p>\n<p style=\"text-align: justify;\">\n","protected":false},"excerpt":{"rendered":"<p>El viceministro de Medio Ambiente, Mag\u00edn Herrera, inform\u00f3 ayer, lunes, que el Lago Titicaca presenta una disminuci\u00f3n preocupante en sus niveles de agua, al igual que la reducci\u00f3n de los nevados Chacaltaya y Charquini, los encargados de la recarga h\u00eddrica en r\u00edos y lagos. La direcci\u00f3n de hidrolog\u00eda del Servicio Nacional de Meteorolog\u00eda e Hidrolog\u00eda [&hellip;]<\/p>\n","protected":false},"author":4,"featured_media":56304,"comment_status":"open","ping_status":"closed","sticky":false,"template":"","format":"standard","meta":{"footnotes":""},"categories":[20],"tags":[],"class_list":{"0":"post-56303","1":"post","2":"type-post","3":"status-publish","4":"format-standard","5":"has-post-thumbnail","7":"category-actualidad"},"_links":{"self":[{"href":"https:\/\/jms.com.bo\/mediamonitor\/wp-json\/wp\/v2\/posts\/56303","targetHints":{"allow":["GET"]}}],"collection":[{"href":"https:\/\/jms.com.bo\/mediamonitor\/wp-json\/wp\/v2\/posts"}],"about":[{"href":"https:\/\/jms.com.bo\/mediamonitor\/wp-json\/wp\/v2\/types\/post"}],"author":[{"embeddable":true,"href":"https:\/\/jms.com.bo\/mediamonitor\/wp-json\/wp\/v2\/users\/4"}],"replies":[{"embeddable":true,"href":"https:\/\/jms.com.bo\/mediamonitor\/wp-json\/wp\/v2\/comments?post=56303"}],"version-history":[{"count":0,"href":"https:\/\/jms.com.bo\/mediamonitor\/wp-json\/wp\/v2\/posts\/56303\/revisions"}],"wp:featuredmedia":[{"embeddable":true,"href":"https:\/\/jms.com.bo\/mediamonitor\/wp-json\/wp\/v2\/media\/56304"}],"wp:attachment":[{"href":"https:\/\/jms.com.bo\/mediamonitor\/wp-json\/wp\/v2\/media?parent=56303"}],"wp:term":[{"taxonomy":"category","embeddable":true,"href":"https:\/\/jms.com.bo\/mediamonitor\/wp-json\/wp\/v2\/categories?post=56303"},{"taxonomy":"post_tag","embeddable":true,"href":"https:\/\/jms.com.bo\/mediamonitor\/wp-json\/wp\/v2\/tags?post=56303"}],"curies":[{"name":"wp","href":"https:\/\/api.w.org\/{rel}","templated":true}]}}