{"id":56305,"date":"2023-08-15T06:27:06","date_gmt":"2023-08-15T10:27:06","guid":{"rendered":"https:\/\/jms.com.bo\/mediamonitor\/2023\/08\/15\/medio-ambiente-reporta-11-000-hectareas-de-superficie-quemada-muy-por-debajo-de-lo-registrado-en-2022\/"},"modified":"2023-08-15T06:27:06","modified_gmt":"2023-08-15T10:27:06","slug":"medio-ambiente-reporta-11-000-hectareas-de-superficie-quemada-muy-por-debajo-de-lo-registrado-en-2022","status":"publish","type":"post","link":"https:\/\/jms.com.bo\/mediamonitor\/2023\/08\/15\/medio-ambiente-reporta-11-000-hectareas-de-superficie-quemada-muy-por-debajo-de-lo-registrado-en-2022\/","title":{"rendered":"Medio Ambiente reporta 11.000 hect\u00e1reas de superficie quemada, \u201cmuy por debajo\u201d de lo registrado en 2022"},"content":{"rendered":"<p style=\"text-align: justify;\">A la fecha se registraron 11.000 hect\u00e1reas de superficie quemada, muy por debajo de las 100.000 que se reportaron el a\u00f1o pasado en la misma temporada, gracias a la ejecuci\u00f3n de la \u201cEstrategia de prevenci\u00f3n, control y combate de los incendios forestales\u201d, inform\u00f3 este lunes el viceministro de Medio Ambiente, Mag\u00edn Herrera.<\/p>\n<p style=\"text-align: justify;\">\u201cHa habido ocurrencias este a\u00f1o que afectaron 11 mil hect\u00e1reas y el a\u00f1o pasado, a estas alturas, se registr\u00f3 m\u00e1s de 100 mil hect\u00e1reas quemadas, estamos yendo por buen camino y con seguridad el trabajo de sensibilizaci\u00f3n es una tarea importante y los municipios est\u00e1n adoptando una conducta ambientalista\u201d, destac\u00f3 el viceministro.<\/p>\n<p style=\"text-align: justify;\">Record\u00f3 que este a\u00f1o, como parte de la estrategia de prevenci\u00f3n, control y combate a los incendios forestales, se desarrollaron caravanas de sensibilizaci\u00f3n en municipios de los departamentos de Santa Cruz y Beni.\u201cHemos estado con las caravanas, municipio por municipio, con el prop\u00f3sito de llevar un mensaje para conversar con las autoridades de cada uno de ellos y se ha logrado hacer comprender que todos tenemos la obligaci\u00f3n de cuidar el medio ambiente\u201d, dijo.<\/p>\n<p style=\"text-align: justify;\">Inform\u00f3 que en Bolivia se redujeron los focos de calor de 2.000, que llegaron la semana pasada, a 193 hasta el domingo, gracias a la reacci\u00f3n inmediata del Comando Conjunto, que tiene la tarea de sofocar los incendios forestales.<\/p>\n<p style=\"text-align: justify;\">Los ministerios de Medio Ambiente y de Defensa efect\u00faan patrullajes y reconocimientos a\u00e9reos permanentes, y a la fecha realizaron diez intervenciones para sofocar incendios forestales.Una de ellas fue en el Parque Otuquis, en el departamento de Santa Cruz, donde est\u00e1 la mayor superficie quemada debido a la direcci\u00f3n de los vientos.<\/p>\n","protected":false},"excerpt":{"rendered":"<p>A la fecha se registraron 11.000 hect\u00e1reas de superficie quemada, muy por debajo de las 100.000 que se reportaron el a\u00f1o pasado en la misma temporada, gracias a la ejecuci\u00f3n de la \u201cEstrategia de prevenci\u00f3n, control y combate de los incendios forestales\u201d, inform\u00f3 este lunes el viceministro de Medio Ambiente, Mag\u00edn Herrera. \u201cHa habido ocurrencias [&hellip;]<\/p>\n","protected":false},"author":4,"featured_media":56306,"comment_status":"open","ping_status":"closed","sticky":false,"template":"","format":"standard","meta":{"footnotes":""},"categories":[20],"tags":[],"class_list":{"0":"post-56305","1":"post","2":"type-post","3":"status-publish","4":"format-standard","5":"has-post-thumbnail","7":"category-actualidad"},"_links":{"self":[{"href":"https:\/\/jms.com.bo\/mediamonitor\/wp-json\/wp\/v2\/posts\/56305","targetHints":{"allow":["GET"]}}],"collection":[{"href":"https:\/\/jms.com.bo\/mediamonitor\/wp-json\/wp\/v2\/posts"}],"about":[{"href":"https:\/\/jms.com.bo\/mediamonitor\/wp-json\/wp\/v2\/types\/post"}],"author":[{"embeddable":true,"href":"https:\/\/jms.com.bo\/mediamonitor\/wp-json\/wp\/v2\/users\/4"}],"replies":[{"embeddable":true,"href":"https:\/\/jms.com.bo\/mediamonitor\/wp-json\/wp\/v2\/comments?post=56305"}],"version-history":[{"count":0,"href":"https:\/\/jms.com.bo\/mediamonitor\/wp-json\/wp\/v2\/posts\/56305\/revisions"}],"wp:featuredmedia":[{"embeddable":true,"href":"https:\/\/jms.com.bo\/mediamonitor\/wp-json\/wp\/v2\/media\/56306"}],"wp:attachment":[{"href":"https:\/\/jms.com.bo\/mediamonitor\/wp-json\/wp\/v2\/media?parent=56305"}],"wp:term":[{"taxonomy":"category","embeddable":true,"href":"https:\/\/jms.com.bo\/mediamonitor\/wp-json\/wp\/v2\/categories?post=56305"},{"taxonomy":"post_tag","embeddable":true,"href":"https:\/\/jms.com.bo\/mediamonitor\/wp-json\/wp\/v2\/tags?post=56305"}],"curies":[{"name":"wp","href":"https:\/\/api.w.org\/{rel}","templated":true}]}}