{"id":56307,"date":"2023-08-15T06:28:33","date_gmt":"2023-08-15T10:28:33","guid":{"rendered":"https:\/\/jms.com.bo\/mediamonitor\/2023\/08\/15\/el-frio-se-despidio-con-nevada-y-se-suspende-horario-de-invierno\/"},"modified":"2023-08-15T06:28:33","modified_gmt":"2023-08-15T10:28:33","slug":"el-frio-se-despidio-con-nevada-y-se-suspende-horario-de-invierno","status":"publish","type":"post","link":"https:\/\/jms.com.bo\/mediamonitor\/2023\/08\/15\/el-frio-se-despidio-con-nevada-y-se-suspende-horario-de-invierno\/","title":{"rendered":"El fr\u00edo se despidi\u00f3 con nevada y se suspende horario de invierno"},"content":{"rendered":"<p style=\"text-align: justify;\">Las ciudades de El Alto y La Paz se cubrieron de blanco, debido a la nevada que cay\u00f3 toda la noche y parte de la madrugada de ayer. De esta manera el fr\u00edo se despide, as\u00ed como se suprime el horario de invierno para los estudiantes, por lo que desde hoy el ingreso es normal.<\/p>\n<p style=\"text-align: justify;\">La poblaci\u00f3n alte\u00f1a y pace\u00f1a ayer amaneci\u00f3 con un manto blanco producto de la nevada que cay\u00f3, muchas personas sacaron fotos y otras jugaron con la nieve. El hecho clim\u00e1tico es tambi\u00e9n un aviso de que el fr\u00edo se reduce y el calor de la primavera se acerca.<\/p>\n<p style=\"text-align: justify;\">Hasta las ocho de la ma\u00f1ana, la nevada segu\u00eda cayendo en copos diminutos. Las movilidades que circulaban por las calles tambi\u00e9n estaban cubiertas, en parte, de nieve que con las horas se fue desvaneciendo.<\/p>\n<p style=\"text-align: justify;\">Horario<\/p>\n<p style=\"text-align: justify;\">Pero con la despedida del fr\u00edo llega la suspensi\u00f3n del horario de invierno en los establecimientos escolares. El Ministerio de Educaci\u00f3n ya determin\u00f3 volver al horario normal a partir de hoy.<\/p>\n<p style=\"text-align: justify;\">Como se recordar\u00e1, en junio se implement\u00f3 los horarios de invierno ante el fr\u00edo que llegaba con la \u00e9poca de invierno y ante el recrudecimiento del mal tiempo se ingres\u00f3 a vacaciones por tres semanas.<\/p>\n<p style=\"text-align: justify;\">Desde hoy los estudiantes deber\u00e1n levantarse m\u00e1s temprano para ir al colegio. El horario de ingreso ser\u00e1 las 8.00 de la ma\u00f1ana.<\/p>\n","protected":false},"excerpt":{"rendered":"<p>Las ciudades de El Alto y La Paz se cubrieron de blanco, debido a la nevada que cay\u00f3 toda la noche y parte de la madrugada de ayer. De esta manera el fr\u00edo se despide, as\u00ed como se suprime el horario de invierno para los estudiantes, por lo que desde hoy el ingreso es normal. [&hellip;]<\/p>\n","protected":false},"author":4,"featured_media":56308,"comment_status":"open","ping_status":"closed","sticky":false,"template":"","format":"standard","meta":{"footnotes":""},"categories":[20,47,48],"tags":[],"class_list":{"0":"post-56307","1":"post","2":"type-post","3":"status-publish","4":"format-standard","5":"has-post-thumbnail","7":"category-actualidad","8":"category-portada-actualidad","9":"category-portada-general-sitio"},"_links":{"self":[{"href":"https:\/\/jms.com.bo\/mediamonitor\/wp-json\/wp\/v2\/posts\/56307","targetHints":{"allow":["GET"]}}],"collection":[{"href":"https:\/\/jms.com.bo\/mediamonitor\/wp-json\/wp\/v2\/posts"}],"about":[{"href":"https:\/\/jms.com.bo\/mediamonitor\/wp-json\/wp\/v2\/types\/post"}],"author":[{"embeddable":true,"href":"https:\/\/jms.com.bo\/mediamonitor\/wp-json\/wp\/v2\/users\/4"}],"replies":[{"embeddable":true,"href":"https:\/\/jms.com.bo\/mediamonitor\/wp-json\/wp\/v2\/comments?post=56307"}],"version-history":[{"count":0,"href":"https:\/\/jms.com.bo\/mediamonitor\/wp-json\/wp\/v2\/posts\/56307\/revisions"}],"wp:featuredmedia":[{"embeddable":true,"href":"https:\/\/jms.com.bo\/mediamonitor\/wp-json\/wp\/v2\/media\/56308"}],"wp:attachment":[{"href":"https:\/\/jms.com.bo\/mediamonitor\/wp-json\/wp\/v2\/media?parent=56307"}],"wp:term":[{"taxonomy":"category","embeddable":true,"href":"https:\/\/jms.com.bo\/mediamonitor\/wp-json\/wp\/v2\/categories?post=56307"},{"taxonomy":"post_tag","embeddable":true,"href":"https:\/\/jms.com.bo\/mediamonitor\/wp-json\/wp\/v2\/tags?post=56307"}],"curies":[{"name":"wp","href":"https:\/\/api.w.org\/{rel}","templated":true}]}}