{"id":56309,"date":"2023-08-15T06:30:36","date_gmt":"2023-08-15T10:30:36","guid":{"rendered":"https:\/\/jms.com.bo\/mediamonitor\/2023\/08\/15\/vocales-desmienten-a-masistas-y-denuncian-agresion-al-tse\/"},"modified":"2023-08-15T06:30:36","modified_gmt":"2023-08-15T10:30:36","slug":"vocales-desmienten-a-masistas-y-denuncian-agresion-al-tse","status":"publish","type":"post","link":"https:\/\/jms.com.bo\/mediamonitor\/2023\/08\/15\/vocales-desmienten-a-masistas-y-denuncian-agresion-al-tse\/","title":{"rendered":"Vocales desmienten a masistas y denuncian agresi\u00f3n al TSE"},"content":{"rendered":"<p style=\"text-align: justify;\">El ala radical del Movimiento Al Socialismo (MAS)arremeti\u00f3 contra dos vocales del Tribunal Supremo Electoral (TSE) por el desarrollo de congreso ordinario. Estos los desmintieron y denunciaron agresi\u00f3n contra la entidad electoral.<\/p>\n<p style=\"text-align: justify;\">\u201cQuiero que sepa el pueblo boliviano y la militancia del MAS-IPSP: los vocales del TSE Francisco Vargas y Tahuichi Tahuichi Quispe, que antes vinieron hasta Lauca \u00d1 para denunciar c\u00f3mo y qui\u00e9nes operaron la inhabilitaci\u00f3n de nuestra candidatura al senado, ahora instruyen a sus t\u00e9cnicos encontrar cualquier observaci\u00f3n forzada o excusa para boicotear el congreso de octubre en Lauca \u00d1\u201d, escribi\u00f3 Evo Morales.<\/p>\n<p style=\"text-align: justify;\">Los vocales aludidos cuestionaron esta afirmaci\u00f3n al sostener que la divisi\u00f3n interna de un partido no puede poner en riesgo la integridad del \u00d3rgano Electoral, adem\u00e1s dijeron que estas declaraciones son como dar \u201cun rodillazo al \u00e1rbitro\u201d.<\/p>\n<p style=\"text-align: justify;\">\u201c Tengo que ser enf\u00e1tico, no convers\u00e9 con el determinado pol\u00edtico que ha hecho esa afirmaci\u00f3n (&#8230;) Yo no tengo ninguna relaci\u00f3n. Yo voy a poner una analog\u00eda: esto para m\u00ed equivale a un rodillazo de un jugador al \u00e1rbitro y eso no se hace. Estamos bajo reglas claras en un sistema democr\u00e1tico\u201d, afirm\u00f3 el vocal Tahuichi, en contacto con Erbol.<\/p>\n<p style=\"text-align: justify;\">Agreg\u00f3 que hay reglas claras en nuestra democracia: los partidos y los pol\u00edticos tienen que embarcarse en las reglas electorales. Su colega Vargas, a trav\u00e9s de su cuenta de Twitter, sostuvo que \u201ces lamentable que, debido a algunas pugnas internas en una organizaci\u00f3n pol\u00edtica, se pretenda da\u00f1ar al organismo electoral y a mi persona con acusaciones sin fundamento\u201d.<\/p>\n<p style=\"text-align: justify;\">Agreg\u00f3: \u201cPor respeto a la instituci\u00f3n electoral rechazo dichas acusaciones y aclaro que mis actos se apegan de manera estricta a la CPE, a las leyes, al principio de imparcialidad e integridad y a criterios t\u00e9cnicos. Por ello, mis decisiones y actos son perfectamente auditables\u201d.<\/p>\n<p style=\"text-align: justify;\">\n","protected":false},"excerpt":{"rendered":"<p>El ala radical del Movimiento Al Socialismo (MAS)arremeti\u00f3 contra dos vocales del Tribunal Supremo Electoral (TSE) por el desarrollo de congreso ordinario. Estos los desmintieron y denunciaron agresi\u00f3n contra la entidad electoral. \u201cQuiero que sepa el pueblo boliviano y la militancia del MAS-IPSP: los vocales del TSE Francisco Vargas y Tahuichi Tahuichi Quispe, que antes [&hellip;]<\/p>\n","protected":false},"author":4,"featured_media":56310,"comment_status":"open","ping_status":"closed","sticky":false,"template":"","format":"standard","meta":{"footnotes":""},"categories":[18],"tags":[],"class_list":{"0":"post-56309","1":"post","2":"type-post","3":"status-publish","4":"format-standard","5":"has-post-thumbnail","7":"category-politica"},"_links":{"self":[{"href":"https:\/\/jms.com.bo\/mediamonitor\/wp-json\/wp\/v2\/posts\/56309","targetHints":{"allow":["GET"]}}],"collection":[{"href":"https:\/\/jms.com.bo\/mediamonitor\/wp-json\/wp\/v2\/posts"}],"about":[{"href":"https:\/\/jms.com.bo\/mediamonitor\/wp-json\/wp\/v2\/types\/post"}],"author":[{"embeddable":true,"href":"https:\/\/jms.com.bo\/mediamonitor\/wp-json\/wp\/v2\/users\/4"}],"replies":[{"embeddable":true,"href":"https:\/\/jms.com.bo\/mediamonitor\/wp-json\/wp\/v2\/comments?post=56309"}],"version-history":[{"count":0,"href":"https:\/\/jms.com.bo\/mediamonitor\/wp-json\/wp\/v2\/posts\/56309\/revisions"}],"wp:featuredmedia":[{"embeddable":true,"href":"https:\/\/jms.com.bo\/mediamonitor\/wp-json\/wp\/v2\/media\/56310"}],"wp:attachment":[{"href":"https:\/\/jms.com.bo\/mediamonitor\/wp-json\/wp\/v2\/media?parent=56309"}],"wp:term":[{"taxonomy":"category","embeddable":true,"href":"https:\/\/jms.com.bo\/mediamonitor\/wp-json\/wp\/v2\/categories?post=56309"},{"taxonomy":"post_tag","embeddable":true,"href":"https:\/\/jms.com.bo\/mediamonitor\/wp-json\/wp\/v2\/tags?post=56309"}],"curies":[{"name":"wp","href":"https:\/\/api.w.org\/{rel}","templated":true}]}}