{"id":56313,"date":"2023-08-15T06:33:15","date_gmt":"2023-08-15T10:33:15","guid":{"rendered":"https:\/\/jms.com.bo\/mediamonitor\/2023\/08\/15\/el-presidente-arce-llega-a-paraguay-para-la-investidura-de-santiago-pena\/"},"modified":"2023-08-15T06:33:15","modified_gmt":"2023-08-15T10:33:15","slug":"el-presidente-arce-llega-a-paraguay-para-la-investidura-de-santiago-pena","status":"publish","type":"post","link":"https:\/\/jms.com.bo\/mediamonitor\/2023\/08\/15\/el-presidente-arce-llega-a-paraguay-para-la-investidura-de-santiago-pena\/","title":{"rendered":"El presidente Arce llega a Paraguay para la investidura de Santiago Pe\u00f1a"},"content":{"rendered":"<p style=\"text-align: justify;\">El mandatario Luis Arce viaj\u00f3 la noche de este lunes a Paraguay para participar en los actos protocolares de la investidura de Santiago Pe\u00f1a como nuevo presidente.<\/p>\n<p style=\"text-align: justify;\">\u201cTraemos el saludo de todo un pueblo, a trav\u00e9s de mi persona, un abrazo de solidaridad con nuestra hermana de Paraguay; para que los destinos de esta hermosa patria tambi\u00e9n est\u00e9n en buenas manos. Nosotros, contentos de seguir integrando a nuestra regi\u00f3n y de seguir consolidando a una Bolivia que est\u00e1 abierta a las relaciones con todos los pa\u00edses de nuestra querida Am\u00e9rica Latina\u201d, dijo el mandatario a su arribo en Asunci\u00f3n.<\/p>\n<p style=\"text-align: justify;\">Horas antes de su viaje, a trav\u00e9s de su cuenta de Twitter, Arce anunci\u00f3 su viaje y entreg\u00f3 el bast\u00f3n de mando al vicepresidente David Choquehuanca.<\/p>\n<p style=\"text-align: justify;\">\u201cPartimos rumbo a la Rep\u00fablica de #Paraguay para acompa\u00f1ar al hermano pueblo paraguayo en la investidura de @SantiPenap como presidente. Entregamos el Bast\u00f3n de Mando a nuestro jilata vicepresidente, @LaramaDavid\u201d (sic), escribi\u00f3.<\/p>\n<p style=\"text-align: justify;\">Participantes<\/p>\n<p style=\"text-align: justify;\">Adem\u00e1s del mandatario boliviano, entre los presidentes que anunciaron su participaci\u00f3n en el acto est\u00e1n el brasile\u00f1o Luiz In\u00e1cio Lula da Silva, el argentino Alberto Fern\u00e1ndez, el ecuatoriano Guillermo Lasso, el uruguayo Luis Lacalle Pou y el chileno Gabriel Boric. El rey Felipe VI de Espa\u00f1a tambi\u00e9n confirm\u00f3 su presencia.<\/p>\n<p style=\"text-align: justify;\">La ceremonia de juramento comenzar\u00e1 a primera hora del martes en la Explanada de la Bah\u00eda del Palacio de L\u00f3pez, la sede de gobierno.<\/p>\n<p style=\"text-align: justify;\">Pe\u00f1a jurar\u00e1 al cargo para el per\u00edodo 2023-2028, en un acto que comenzar\u00e1 en el Congreso y concluir\u00e1 en el palacio presidencial. Ser\u00e1 el presidente 52 de Paraguay.<\/p>\n","protected":false},"excerpt":{"rendered":"<p>El mandatario Luis Arce viaj\u00f3 la noche de este lunes a Paraguay para participar en los actos protocolares de la investidura de Santiago Pe\u00f1a como nuevo presidente. \u201cTraemos el saludo de todo un pueblo, a trav\u00e9s de mi persona, un abrazo de solidaridad con nuestra hermana de Paraguay; para que los destinos de esta hermosa [&hellip;]<\/p>\n","protected":false},"author":4,"featured_media":56314,"comment_status":"open","ping_status":"closed","sticky":false,"template":"","format":"standard","meta":{"footnotes":""},"categories":[18,48,46],"tags":[],"class_list":{"0":"post-56313","1":"post","2":"type-post","3":"status-publish","4":"format-standard","5":"has-post-thumbnail","7":"category-politica","8":"category-portada-general-sitio","9":"category-portada-politica"},"_links":{"self":[{"href":"https:\/\/jms.com.bo\/mediamonitor\/wp-json\/wp\/v2\/posts\/56313","targetHints":{"allow":["GET"]}}],"collection":[{"href":"https:\/\/jms.com.bo\/mediamonitor\/wp-json\/wp\/v2\/posts"}],"about":[{"href":"https:\/\/jms.com.bo\/mediamonitor\/wp-json\/wp\/v2\/types\/post"}],"author":[{"embeddable":true,"href":"https:\/\/jms.com.bo\/mediamonitor\/wp-json\/wp\/v2\/users\/4"}],"replies":[{"embeddable":true,"href":"https:\/\/jms.com.bo\/mediamonitor\/wp-json\/wp\/v2\/comments?post=56313"}],"version-history":[{"count":0,"href":"https:\/\/jms.com.bo\/mediamonitor\/wp-json\/wp\/v2\/posts\/56313\/revisions"}],"wp:featuredmedia":[{"embeddable":true,"href":"https:\/\/jms.com.bo\/mediamonitor\/wp-json\/wp\/v2\/media\/56314"}],"wp:attachment":[{"href":"https:\/\/jms.com.bo\/mediamonitor\/wp-json\/wp\/v2\/media?parent=56313"}],"wp:term":[{"taxonomy":"category","embeddable":true,"href":"https:\/\/jms.com.bo\/mediamonitor\/wp-json\/wp\/v2\/categories?post=56313"},{"taxonomy":"post_tag","embeddable":true,"href":"https:\/\/jms.com.bo\/mediamonitor\/wp-json\/wp\/v2\/tags?post=56313"}],"curies":[{"name":"wp","href":"https:\/\/api.w.org\/{rel}","templated":true}]}}