{"id":56317,"date":"2023-08-15T06:35:36","date_gmt":"2023-08-15T10:35:36","guid":{"rendered":"https:\/\/jms.com.bo\/mediamonitor\/2023\/08\/15\/segun-la-asfi-bolivia-tiene-el-indice-de-mora-crediticia-mas-bajo-de-la-region-con-27\/"},"modified":"2023-08-15T06:35:36","modified_gmt":"2023-08-15T10:35:36","slug":"segun-la-asfi-bolivia-tiene-el-indice-de-mora-crediticia-mas-bajo-de-la-region-con-27","status":"publish","type":"post","link":"https:\/\/jms.com.bo\/mediamonitor\/2023\/08\/15\/segun-la-asfi-bolivia-tiene-el-indice-de-mora-crediticia-mas-bajo-de-la-region-con-27\/","title":{"rendered":"Seg\u00fan la Asfi, Bolivia tiene el \u00edndice de mora crediticia m\u00e1s bajo de la regi\u00f3n con 2,7%"},"content":{"rendered":"<p style=\"text-align: justify;\">Bolivia tiene el \u00edndice de mora crediticia m\u00e1s bajo de la regi\u00f3n, con 2,7%, mientras que en los pa\u00edses vecinos esta cifra llega al 3,5%, inform\u00f3 este lunes Ivette Espinoza, directora de la Autoridad de Supervisi\u00f3n del Sistema Financiero (Asfi).<\/p>\n<p style=\"text-align: justify;\">\u201cHasta junio de 2023 se registra un \u00edndice de mora de 2,7%, esta cifra est\u00e1 por debajo de la regi\u00f3n, donde se llega al 3,5%. Esto quiere decir que tenemos un sistema financiero sano, adem\u00e1s solvente\u201d, dijo Espinoza en Fides.<\/p>\n<p style=\"text-align: justify;\">El \u00edndice de mora mide el volumen de los incumplimientos bancarios sobre el total de los cr\u00e9ditos registrados, en este caso hasta junio de 2023.<\/p>\n<p style=\"text-align: justify;\">Espinoza se\u00f1al\u00f3 que la mayor cantidad de los cr\u00e9ditos otorgados en el sistema financiero del pa\u00eds est\u00e1n destinados a la producci\u00f3n y al acceso a vivienda.<\/p>\n<p style=\"text-align: justify;\">En el caso de los cr\u00e9ditos productivos est\u00e1n dirigidos a la manufactura, la autoridad dijo que ello explica por qu\u00e9 se tuvo niveles de exportaciones positivos.<\/p>\n<p style=\"text-align: justify;\">M\u00e1s dep\u00f3sitos<\/p>\n<p style=\"text-align: justify;\">Inform\u00f3, adem\u00e1s, que seg\u00fan datos de la Asfi y comparando con 2022 la cantidad de dep\u00f3sitos en el pa\u00eds creci\u00f3 en 4% y actualmente existen registradas 14,6 millones de cuentas abiertas.<\/p>\n<p style=\"text-align: justify;\">Del total de las cuentas de ahorro, el 93% est\u00e1 en moneda nacional y solo el 7% en extranjera.<\/p>\n<p style=\"text-align: justify;\">Destac\u00f3, asimismo, que est\u00e1n trabajando en la inclusi\u00f3n financiera para que cada municipio del pa\u00eds tenga al menos un punto de atenci\u00f3n de servicios financieros. Apuntan a tener en 2025 una cobertura de 100%.<\/p>\n<p style=\"text-align: justify;\">\u201cEn el 2007 empezamos para que cada municipio tenga un punto de atenci\u00f3n. Ten\u00edamos 81 puntos y hoy tenemos 290, hemos pasado del 24% al 86%. Queremos llegar al 2025 con un 100%, que cada municipio cuente al menos con un punto de atenci\u00f3n de servicios\u201d.<\/p>\n","protected":false},"excerpt":{"rendered":"<p>Bolivia tiene el \u00edndice de mora crediticia m\u00e1s bajo de la regi\u00f3n, con 2,7%, mientras que en los pa\u00edses vecinos esta cifra llega al 3,5%, inform\u00f3 este lunes Ivette Espinoza, directora de la Autoridad de Supervisi\u00f3n del Sistema Financiero (Asfi). \u201cHasta junio de 2023 se registra un \u00edndice de mora de 2,7%, esta cifra est\u00e1 [&hellip;]<\/p>\n","protected":false},"author":4,"featured_media":56318,"comment_status":"open","ping_status":"closed","sticky":false,"template":"","format":"standard","meta":{"footnotes":""},"categories":[25],"tags":[],"class_list":{"0":"post-56317","1":"post","2":"type-post","3":"status-publish","4":"format-standard","5":"has-post-thumbnail","7":"category-economia"},"_links":{"self":[{"href":"https:\/\/jms.com.bo\/mediamonitor\/wp-json\/wp\/v2\/posts\/56317","targetHints":{"allow":["GET"]}}],"collection":[{"href":"https:\/\/jms.com.bo\/mediamonitor\/wp-json\/wp\/v2\/posts"}],"about":[{"href":"https:\/\/jms.com.bo\/mediamonitor\/wp-json\/wp\/v2\/types\/post"}],"author":[{"embeddable":true,"href":"https:\/\/jms.com.bo\/mediamonitor\/wp-json\/wp\/v2\/users\/4"}],"replies":[{"embeddable":true,"href":"https:\/\/jms.com.bo\/mediamonitor\/wp-json\/wp\/v2\/comments?post=56317"}],"version-history":[{"count":0,"href":"https:\/\/jms.com.bo\/mediamonitor\/wp-json\/wp\/v2\/posts\/56317\/revisions"}],"wp:featuredmedia":[{"embeddable":true,"href":"https:\/\/jms.com.bo\/mediamonitor\/wp-json\/wp\/v2\/media\/56318"}],"wp:attachment":[{"href":"https:\/\/jms.com.bo\/mediamonitor\/wp-json\/wp\/v2\/media?parent=56317"}],"wp:term":[{"taxonomy":"category","embeddable":true,"href":"https:\/\/jms.com.bo\/mediamonitor\/wp-json\/wp\/v2\/categories?post=56317"},{"taxonomy":"post_tag","embeddable":true,"href":"https:\/\/jms.com.bo\/mediamonitor\/wp-json\/wp\/v2\/tags?post=56317"}],"curies":[{"name":"wp","href":"https:\/\/api.w.org\/{rel}","templated":true}]}}