{"id":56514,"date":"2023-08-17T07:05:24","date_gmt":"2023-08-17T11:05:24","guid":{"rendered":"https:\/\/jms.com.bo\/mediamonitor\/2023\/08\/17\/gobierno-de-brasil-pide-investigar-apagon-en-25-estados\/"},"modified":"2023-08-17T07:05:24","modified_gmt":"2023-08-17T11:05:24","slug":"gobierno-de-brasil-pide-investigar-apagon-en-25-estados","status":"publish","type":"post","link":"https:\/\/jms.com.bo\/mediamonitor\/2023\/08\/17\/gobierno-de-brasil-pide-investigar-apagon-en-25-estados\/","title":{"rendered":"Gobierno de Brasil pide investigar apag\u00f3n en 25 estados"},"content":{"rendered":"<p style=\"text-align: justify;\">El ministro de Minas y Energ\u00eda de Brasil, Alexandre Silveira, asegur\u00f3 este martes (15.08.2023) que pedir\u00e1 a la polic\u00eda una investigaci\u00f3n para determinar si hubo acci\u00f3n humana detr\u00e1s de un apag\u00f3n el\u00e9ctrico que afect\u00f3 a 25 estados del pa\u00eds y el Distrito Federal.<\/p>\n<p style=\"text-align: justify;\">El apag\u00f3n, cuyo motivo se desconoce, afect\u00f3 por m\u00e1s de seis horas la red de energ\u00eda brasile\u00f1a este martes. El servicio fue restablecido completamente despu\u00e9s del mediod\u00eda.<\/p>\n<p style=\"text-align: justify;\">\u00abPor tratarse de un sector altamente sensible (&#8230;), estoy pidiendo al ministerio de Justicia que sea enviado a la Polic\u00eda Federal un pedido de investigaci\u00f3n para que averig\u00fce con detalles lo que pudo haber pasado\u00bb, dijo Silveira durante una conferencia de prensa, en la que calific\u00f3 el evento como \u00abextremadamente raro\u00bb.<\/p>\n<p style=\"text-align: justify;\">\u00abSobrecarga en el sistema de transmisi\u00f3n\u00bb<\/p>\n<p style=\"text-align: justify;\">El ministro de Minas y Energ\u00eda asegur\u00f3 que el problema tuvo origen en el norte del estado de Cear\u00e1 (noreste), donde hubo una \u00absobrecarga en el sistema de transmisi\u00f3n\u00bb, que llev\u00f3 a que la red \u00abentrase en colapso\u00bb en esa regi\u00f3n.<\/p>\n<p style=\"text-align: justify;\">\u00abFue un hecho que caus\u00f3 la interrupci\u00f3n en la regi\u00f3n norte y noreste, y, por una contingencia planeada, minimiz\u00f3 la carga de las regiones sur, sudeste y centro-oeste, para que no hubiera interrupci\u00f3n total en esas regiones\u00bb, explic\u00f3.<\/p>\n<p style=\"text-align: justify;\">Las autoridades de Brasil presumen que hubo un \u00absegundo evento\u00bb en una l\u00ednea de transmisi\u00f3n en otro punto del pa\u00eds, hasta el momento no identificado.<\/p>\n<p style=\"text-align: justify;\">Adem\u00e1s de la polic\u00eda, la agencia brasile\u00f1a de inteligencia (Abin) participar\u00e1 de la investigaci\u00f3n, justificada, seg\u00fan Silveira, por el \u00abcontexto\u00bb del episodio y que se trata de \u00abun sector sensible\u00bb para los brasile\u00f1os.<\/p>\n","protected":false},"excerpt":{"rendered":"<p>El ministro de Minas y Energ\u00eda de Brasil, Alexandre Silveira, asegur\u00f3 este martes (15.08.2023) que pedir\u00e1 a la polic\u00eda una investigaci\u00f3n para determinar si hubo acci\u00f3n humana detr\u00e1s de un apag\u00f3n el\u00e9ctrico que afect\u00f3 a 25 estados del pa\u00eds y el Distrito Federal. El apag\u00f3n, cuyo motivo se desconoce, afect\u00f3 por m\u00e1s de seis horas [&hellip;]<\/p>\n","protected":false},"author":4,"featured_media":56515,"comment_status":"open","ping_status":"closed","sticky":false,"template":"","format":"standard","meta":{"footnotes":""},"categories":[39,44,48],"tags":[],"class_list":{"0":"post-56514","1":"post","2":"type-post","3":"status-publish","4":"format-standard","5":"has-post-thumbnail","7":"category-energia","8":"category-portada-energia","9":"category-portada-general-sitio"},"_links":{"self":[{"href":"https:\/\/jms.com.bo\/mediamonitor\/wp-json\/wp\/v2\/posts\/56514","targetHints":{"allow":["GET"]}}],"collection":[{"href":"https:\/\/jms.com.bo\/mediamonitor\/wp-json\/wp\/v2\/posts"}],"about":[{"href":"https:\/\/jms.com.bo\/mediamonitor\/wp-json\/wp\/v2\/types\/post"}],"author":[{"embeddable":true,"href":"https:\/\/jms.com.bo\/mediamonitor\/wp-json\/wp\/v2\/users\/4"}],"replies":[{"embeddable":true,"href":"https:\/\/jms.com.bo\/mediamonitor\/wp-json\/wp\/v2\/comments?post=56514"}],"version-history":[{"count":0,"href":"https:\/\/jms.com.bo\/mediamonitor\/wp-json\/wp\/v2\/posts\/56514\/revisions"}],"wp:featuredmedia":[{"embeddable":true,"href":"https:\/\/jms.com.bo\/mediamonitor\/wp-json\/wp\/v2\/media\/56515"}],"wp:attachment":[{"href":"https:\/\/jms.com.bo\/mediamonitor\/wp-json\/wp\/v2\/media?parent=56514"}],"wp:term":[{"taxonomy":"category","embeddable":true,"href":"https:\/\/jms.com.bo\/mediamonitor\/wp-json\/wp\/v2\/categories?post=56514"},{"taxonomy":"post_tag","embeddable":true,"href":"https:\/\/jms.com.bo\/mediamonitor\/wp-json\/wp\/v2\/tags?post=56514"}],"curies":[{"name":"wp","href":"https:\/\/api.w.org\/{rel}","templated":true}]}}