{"id":56521,"date":"2023-08-17T07:58:12","date_gmt":"2023-08-17T11:58:12","guid":{"rendered":"https:\/\/jms.com.bo\/mediamonitor\/2023\/08\/17\/modernizacion-de-las-redes-electricas-peru-anuncia-hoja-de-ruta-a-2030-mientras-discusion-en-chile-se-estanca\/"},"modified":"2023-08-17T07:58:12","modified_gmt":"2023-08-17T11:58:12","slug":"modernizacion-de-las-redes-electricas-peru-anuncia-hoja-de-ruta-a-2030-mientras-discusion-en-chile-se-estanca","status":"publish","type":"post","link":"https:\/\/jms.com.bo\/mediamonitor\/2023\/08\/17\/modernizacion-de-las-redes-electricas-peru-anuncia-hoja-de-ruta-a-2030-mientras-discusion-en-chile-se-estanca\/","title":{"rendered":"Modernizaci\u00f3n de las redes el\u00e9ctricas: Per\u00fa anuncia hoja de ruta a 2030, mientras discusi\u00f3n en Chile se estanca"},"content":{"rendered":"<p style=\"text-align: justify;\">Electrificaci\u00f3n, electromovilidad o generaci\u00f3n distribuida son conceptos que se escuchan con cada vez m\u00e1s frecuencia en el sector energ\u00e9tico y que est\u00e1n asociados a una gran idea matriz: la descarbonizaci\u00f3n.<\/p>\n<p style=\"text-align: justify;\">Se trata de la principal herramienta para luchar contra el cambio clim\u00e1tico y que implica el paso desde una econom\u00eda basada en combustibles f\u00f3siles, como la que tenemos hoy, hacia una sostenida en las energ\u00edas renovables.<\/p>\n<p style=\"text-align: justify;\">Lo anterior se debe a que diversos estudios atribuyen el cambio clim\u00e1tico a los combustibles f\u00f3siles, y la recomendaci\u00f3n es reducir su uso y reemplazarlos con energ\u00edas como la e\u00f3lica o solar, as\u00ed como con combustibles de futuro como el hidr\u00f3geno verde.<\/p>\n<p style=\"text-align: justify;\">Por ello, decenas de pa\u00edses est\u00e1n siguiendo este camino, incluidos los de Am\u00e9rica del Sur, aunque con diferentes enfoques, plazos y objetivos.<\/p>\n<p style=\"text-align: justify;\">La hoja de ruta de Per\u00fa<\/p>\n<p style=\"text-align: justify;\">Uno de los pa\u00edses de la regi\u00f3n m\u00e1s avanzados en este proceso es Per\u00fa. Aunque la econom\u00eda andina ha experimentado un largo periodo de inestabilidad pol\u00edtica, este es un tema que ha trascendido los gobiernos y sobre el que existe un amplio consenso.<\/p>\n<p style=\"text-align: justify;\">Hace algunas semanas, el Ejecutivo de Dina Boluarte present\u00f3 su hoja de ruta \u00abRedes Inteligentes para Per\u00fa\u00bb, cuyo objetivo es contar con un sistema el\u00e9ctrico totalmente inteligente en 2030.<\/p>\n<p style=\"text-align: justify;\">Esto implica pasar del modelo tradicional de distribuci\u00f3n el\u00e9ctrica a uno mucho m\u00e1s moderno que utilice tecnolog\u00edas disruptivas y permita \u00ablograr un servicio competitivo, confiable y sostenible con la participaci\u00f3n de la demanda y contribuir a la descarbonizaci\u00f3n del pa\u00eds\u00bb, seg\u00fan el documento.<\/p>\n<p style=\"text-align: justify;\">Entre sus objetivos destaca la promoci\u00f3n de la participaci\u00f3n directa de los consumidores de electricidad, permiti\u00e9ndoles gestionar activamente su consumo el\u00e9ctrico y poder reducirlo en ciertas horas para beneficiarse de un menor pago en su factura mensual de luz.<\/p>\n<p style=\"text-align: justify;\">Tambi\u00e9n se busca facilitar el almacenamiento de energ\u00eda y el desarrollo de la electromovilidad, adem\u00e1s de mejorar la calidad del servicio y reducir los cortes de luz, lo que mejorar\u00eda la satisfacci\u00f3n de los usuarios.<\/p>\n<p style=\"text-align: justify;\">La visi\u00f3n que ha prevalecido en Per\u00fa es que la modernizaci\u00f3n de las redes generar\u00e1 demanda por servicios como la electromovilidad y la electrificaci\u00f3n de los consumos, lo que a su vez aumentar\u00e1 la demanda por energ\u00edas verdes y promover\u00e1 la descarbonizaci\u00f3n.<\/p>\n<p style=\"text-align: justify;\">Este enfoque es compartido por otros pa\u00edses como Uruguay y Colombia.<\/p>\n<p style=\"text-align: justify;\">Chile, con otra estrategia<\/p>\n<p style=\"text-align: justify;\">Chile, por otro lado, ha adoptado una estrategia diferente. El Gobierno de Gabriel Boric lanz\u00f3 recientemente una agenda llamada \u00abSegundo Tiempo de la Transici\u00f3n Energ\u00e9tica\u00bb, centrada en resolver obst\u00e1culos para el desarrollo de un parque energ\u00e9tico en su mayor\u00eda renovable, con medidas orientadas a la generaci\u00f3n y transmisi\u00f3n.<\/p>\n<p style=\"text-align: justify;\">Empresas El\u00e9ctricas, el gremio que re\u00fane a las distribuidoras el\u00e9ctricas del pa\u00eds, ha expresado inter\u00e9s en la iniciativa peruana de modernizaci\u00f3n del sector de distribuci\u00f3n el\u00e9ctrica y la transici\u00f3n hacia redes m\u00e1s inteligentes.<\/p>\n<p style=\"text-align: justify;\">Advierten que Chile se est\u00e1 quedando atr\u00e1s en este aspecto, en comparaci\u00f3n con otros pa\u00edses de la regi\u00f3n y naciones desarrolladas, y que debe iniciar un proceso similar para lograr redes el\u00e9ctricas m\u00e1s robustas, flexibles y modernas que faciliten la llegada de la transici\u00f3n energ\u00e9tica a los hogares en el mediano plazo.<\/p>\n<p style=\"text-align: justify;\">\u00abHoy vemos con preocupaci\u00f3n que este tema no parece ser prioritario dentro de la agenda energ\u00e9tica del Gobierno. Creemos que es importante que el Estado aborde este desaf\u00edo con sentido de urgencia, de modo que podamos llegar a tiempo y mejorar as\u00ed la calidad de vida de las familias chilenas\u00bb, agregan desde Empresas El\u00e9ctricas.<\/p>\n<p style=\"text-align: justify;\">En tanto, Rodrigo Castillo, director acad\u00e9mico del Mag\u00edster en Regulaci\u00f3n Econ\u00f3mica de la Universidad Adolfo Ib\u00e1\u00f1ez, agrega que, aunque Chile ha expandido con \u00e9xito su red el\u00e9ctrica, el modelo regulatorio actual puede ser un obst\u00e1culo para la transici\u00f3n a redes modernas debido a normas y procedimientos desalineados con las tecnolog\u00edas emergentes y las necesidades de la sociedad.<\/p>\n<p style=\"text-align: justify;\">Propone que la reforma regulatoria en la distribuci\u00f3n el\u00e9ctrica debe ser prioritaria para permitir la innovaci\u00f3n, la adopci\u00f3n de nuevas tecnolog\u00edas y la protecci\u00f3n de los consumidores.<\/p>\n<p style=\"text-align: justify;\">\u00abDebido a la existencia de normas y procedimientos que generan incertidumbre y no est\u00e1n alineados con las tecnolog\u00edas emergentes y las necesidades de la sociedad, el modelo regulatorio actual en Chile no est\u00e1 preparado para abordar los desaf\u00edos relacionados con la calidad del suministro, la penetraci\u00f3n de energ\u00edas renovables, la expansi\u00f3n de la generaci\u00f3n distribuida, el almacenamiento, la electromovilidad ni la gesti\u00f3n de la demanda\u00bb, destaca el experto.<\/p>\n<p style=\"text-align: justify;\">\u00abLa reforma regulatoria en el \u00e1mbito de la distribuci\u00f3n el\u00e9ctrica debe ser una prioridad para permitir la innovaci\u00f3n y facilitar la adopci\u00f3n de nuevas tecnolog\u00edas, al mismo tiempo que se protegen los intereses de los consumidores y se promueve la equidad social\u00bb, concluye Castillo.<\/p>\n<p style=\"text-align: justify;\">Un mill\u00f3n de medidores inteligentes<\/p>\n<p style=\"text-align: justify;\">En el caso de Uruguay, la empresa estatal UTE instal\u00f3 el medidor inteligente n\u00famero 1.000.000 en marzo de este a\u00f1o, y se espera que todos los usuarios del pa\u00eds cuenten con uno para fines de 2024.<\/p>\n<p style=\"text-align: justify;\">\u201cUn mill\u00f3n de hogares son los dos tercios de todos los hogares conectados a la red el\u00e9ctrica, una cifra que es muy dif\u00edcil de encontrar en el mundo, y mucho menos en Am\u00e9rica Latina\u201d, dijo en marzo el ministro de Industria, Energ\u00eda y Miner\u00eda, Omar Paganini.<\/p>\n<p style=\"text-align: justify;\">Colombia: las dudas del gobierno de Petro<\/p>\n<p style=\"text-align: justify;\">Colombia tambi\u00e9n ha seguido una ruta similar. Hace casi una d\u00e9cada se lanz\u00f3 el plan 2014-2028, con el objetivo de abordar los desaf\u00edos energ\u00e9ticos hasta 2030, tanto en generaci\u00f3n, impulsando las energ\u00edas renovables, como en redes inteligentes.<\/p>\n<p style=\"text-align: justify;\">Sin embargo, esta apuesta no ha estado exenta de dificultades, seg\u00fan explica Juan Manuel Nieves, abogado experto en miner\u00eda y energ\u00eda.<\/p>\n<p style=\"text-align: justify;\">\u201cPara la nueva presidencia el tema de la transici\u00f3n energ\u00e9tica es muy importante, con \u00e9nfasis en las energ\u00edas limpias. Hay un temor y es que el discurso del actual Presidente, (Gustavo) Petro, dice que hay que diversificar la matriz energ\u00e9tica del pa\u00eds para enfrentar el cambio clim\u00e1tico\u201d, detalla.<\/p>\n<p style=\"text-align: justify;\">\u201cEntonces, el pa\u00eds ten\u00eda unos planes muy bien trazados, pero el Ejecutivo actual busca cambiar ese rumbo; y no estamos preparados para una transformaci\u00f3n distinta a la que se ven\u00eda haciendo\u201d, agrega Nieves.<\/p>\n","protected":false},"excerpt":{"rendered":"<p>Electrificaci\u00f3n, electromovilidad o generaci\u00f3n distribuida son conceptos que se escuchan con cada vez m\u00e1s frecuencia en el sector energ\u00e9tico y que est\u00e1n asociados a una gran idea matriz: la descarbonizaci\u00f3n. Se trata de la principal herramienta para luchar contra el cambio clim\u00e1tico y que implica el paso desde una econom\u00eda basada en combustibles f\u00f3siles, como [&hellip;]<\/p>\n","protected":false},"author":4,"featured_media":56522,"comment_status":"open","ping_status":"closed","sticky":false,"template":"","format":"standard","meta":{"footnotes":""},"categories":[39],"tags":[],"class_list":{"0":"post-56521","1":"post","2":"type-post","3":"status-publish","4":"format-standard","5":"has-post-thumbnail","7":"category-energia"},"_links":{"self":[{"href":"https:\/\/jms.com.bo\/mediamonitor\/wp-json\/wp\/v2\/posts\/56521","targetHints":{"allow":["GET"]}}],"collection":[{"href":"https:\/\/jms.com.bo\/mediamonitor\/wp-json\/wp\/v2\/posts"}],"about":[{"href":"https:\/\/jms.com.bo\/mediamonitor\/wp-json\/wp\/v2\/types\/post"}],"author":[{"embeddable":true,"href":"https:\/\/jms.com.bo\/mediamonitor\/wp-json\/wp\/v2\/users\/4"}],"replies":[{"embeddable":true,"href":"https:\/\/jms.com.bo\/mediamonitor\/wp-json\/wp\/v2\/comments?post=56521"}],"version-history":[{"count":0,"href":"https:\/\/jms.com.bo\/mediamonitor\/wp-json\/wp\/v2\/posts\/56521\/revisions"}],"wp:featuredmedia":[{"embeddable":true,"href":"https:\/\/jms.com.bo\/mediamonitor\/wp-json\/wp\/v2\/media\/56522"}],"wp:attachment":[{"href":"https:\/\/jms.com.bo\/mediamonitor\/wp-json\/wp\/v2\/media?parent=56521"}],"wp:term":[{"taxonomy":"category","embeddable":true,"href":"https:\/\/jms.com.bo\/mediamonitor\/wp-json\/wp\/v2\/categories?post=56521"},{"taxonomy":"post_tag","embeddable":true,"href":"https:\/\/jms.com.bo\/mediamonitor\/wp-json\/wp\/v2\/tags?post=56521"}],"curies":[{"name":"wp","href":"https:\/\/api.w.org\/{rel}","templated":true}]}}