{"id":56569,"date":"2023-08-18T06:12:01","date_gmt":"2023-08-18T10:12:01","guid":{"rendered":"https:\/\/jms.com.bo\/mediamonitor\/2023\/08\/18\/salud-insta-a-vacunar-a-ninos-para-frenar-la-tosferina-santa-cruz-reviste-preocupacion-por-mayor-incidencia\/"},"modified":"2023-08-18T06:12:01","modified_gmt":"2023-08-18T10:12:01","slug":"salud-insta-a-vacunar-a-ninos-para-frenar-la-tosferina-santa-cruz-reviste-preocupacion-por-mayor-incidencia","status":"publish","type":"post","link":"https:\/\/jms.com.bo\/mediamonitor\/2023\/08\/18\/salud-insta-a-vacunar-a-ninos-para-frenar-la-tosferina-santa-cruz-reviste-preocupacion-por-mayor-incidencia\/","title":{"rendered":"Salud insta a vacunar a ni\u00f1os para frenar la tosferina, Santa Cruz reviste preocupaci\u00f3n por mayor incidencia"},"content":{"rendered":"<p style=\"text-align: justify;\">El viceministro de Promoci\u00f3n, Vigilancia Epidemiol\u00f3gica y Medicina Tradicional, Max Enr\u00edquez, inst\u00f3 este jueves a la poblaci\u00f3n a llevar a sus hijos al centro de salud m\u00e1s cercano de su regi\u00f3n para combatir la tosferina y manifest\u00f3 su preocupaci\u00f3n por el departamento de Santa Cruz, que tiene 21 municipios afectados por la enfermedad.<\/p>\n<p style=\"text-align: justify;\">\u201cDonde tenemos dificultades es en el departamento de Santa Cruz, m\u00e1s de 21 municipios en los cuales hay presencia de tosferina y otros casos tambi\u00e9n, como es el caso de meningitis, tres defunciones por esa enfermedad en ese departamento, uno de ellos evitable por vacuna, en el caso de una ni\u00f1a de 5 a\u00f1os\u201d, sostuvo la autoridad en un contacto con periodistas en la ciudad de Sucre.<\/p>\n<p style=\"text-align: justify;\">Enr\u00edquez detall\u00f3 que en Bolivia se registran 789 casos de tosferina, de los cuales 740 se encuentran en Santa Cruz, en tanto Beni tiene 42, Chuquisaca 4, La Paz, Oruro y Pando con un caso cada uno; en estos \u00faltimos departamentos ya la enfermedad est\u00e1 controlada.<\/p>\n<p style=\"text-align: justify;\">Enr\u00edquez remarc\u00f3 que el \u00fanico m\u00e9todo para disminuir y frenar la enfermedad es la vacunaci\u00f3n de ni\u00f1os con el esquema completo para evitar desenlaces fatales y reiter\u00f3 que las vacunas est\u00e1n disponibles en m\u00e1s de 4.000 establecimientos de salud del pa\u00eds, adem\u00e1s que existen brigadas que recorren casa por casa varias regiones.<\/p>\n<p style=\"text-align: justify;\">El viceministro reiter\u00f3 que el Gobierno nacional moviliz\u00f3 brigadas m\u00e9dicas para un rastrillaje de casos en Santa Cruz y en otros departamentos, labor que debe ser replicada por los servicios departamentales de Salud (Sedes), principalmente de la regi\u00f3n oriental.<\/p>\n<p style=\"text-align: justify;\">\u201cPara la tosferina tenemos la vacuna pentavalente que se aplica a los dos, cuatro, seis meses, al a\u00f1o y medio y a los cuatro a\u00f1os, pero tenemos esquemas incompletos que se han quedado con una sola dosis en muchos casos. Muchos de esos ni\u00f1os, en 2020, ya no han recibido m\u00e1s dosis, por lo tanto, han pasado ya los cinco a\u00f1os y lo que nos resta es hacer un diagn\u00f3stico para su tratamiento, ya no podemos vacunar en esos casos\u201d, puntualiz\u00f3, seg\u00fan una nota de prensa.<\/p>\n","protected":false},"excerpt":{"rendered":"<p>El viceministro de Promoci\u00f3n, Vigilancia Epidemiol\u00f3gica y Medicina Tradicional, Max Enr\u00edquez, inst\u00f3 este jueves a la poblaci\u00f3n a llevar a sus hijos al centro de salud m\u00e1s cercano de su regi\u00f3n para combatir la tosferina y manifest\u00f3 su preocupaci\u00f3n por el departamento de Santa Cruz, que tiene 21 municipios afectados por la enfermedad. \u201cDonde tenemos [&hellip;]<\/p>\n","protected":false},"author":4,"featured_media":56570,"comment_status":"open","ping_status":"closed","sticky":false,"template":"","format":"standard","meta":{"footnotes":""},"categories":[53],"tags":[],"class_list":{"0":"post-56569","1":"post","2":"type-post","3":"status-publish","4":"format-standard","5":"has-post-thumbnail","7":"category-salud"},"_links":{"self":[{"href":"https:\/\/jms.com.bo\/mediamonitor\/wp-json\/wp\/v2\/posts\/56569","targetHints":{"allow":["GET"]}}],"collection":[{"href":"https:\/\/jms.com.bo\/mediamonitor\/wp-json\/wp\/v2\/posts"}],"about":[{"href":"https:\/\/jms.com.bo\/mediamonitor\/wp-json\/wp\/v2\/types\/post"}],"author":[{"embeddable":true,"href":"https:\/\/jms.com.bo\/mediamonitor\/wp-json\/wp\/v2\/users\/4"}],"replies":[{"embeddable":true,"href":"https:\/\/jms.com.bo\/mediamonitor\/wp-json\/wp\/v2\/comments?post=56569"}],"version-history":[{"count":0,"href":"https:\/\/jms.com.bo\/mediamonitor\/wp-json\/wp\/v2\/posts\/56569\/revisions"}],"wp:featuredmedia":[{"embeddable":true,"href":"https:\/\/jms.com.bo\/mediamonitor\/wp-json\/wp\/v2\/media\/56570"}],"wp:attachment":[{"href":"https:\/\/jms.com.bo\/mediamonitor\/wp-json\/wp\/v2\/media?parent=56569"}],"wp:term":[{"taxonomy":"category","embeddable":true,"href":"https:\/\/jms.com.bo\/mediamonitor\/wp-json\/wp\/v2\/categories?post=56569"},{"taxonomy":"post_tag","embeddable":true,"href":"https:\/\/jms.com.bo\/mediamonitor\/wp-json\/wp\/v2\/tags?post=56569"}],"curies":[{"name":"wp","href":"https:\/\/api.w.org\/{rel}","templated":true}]}}