{"id":56571,"date":"2023-08-18T06:13:34","date_gmt":"2023-08-18T10:13:34","guid":{"rendered":"https:\/\/jms.com.bo\/mediamonitor\/2023\/08\/18\/el-sedes-cede-y-cambia-al-director-del-hospital-de-clinicas\/"},"modified":"2023-08-18T06:13:34","modified_gmt":"2023-08-18T10:13:34","slug":"el-sedes-cede-y-cambia-al-director-del-hospital-de-clinicas","status":"publish","type":"post","link":"https:\/\/jms.com.bo\/mediamonitor\/2023\/08\/18\/el-sedes-cede-y-cambia-al-director-del-hospital-de-clinicas\/","title":{"rendered":"El Sedes cede y cambia al director del Hospital de Cl\u00ednicas"},"content":{"rendered":"<p style=\"text-align: justify;\">Tras una serie de medidas de presi\u00f3n y la amenaza de un paro departamental, el Servicio Departamental de Salud (Sedes) La Paz termin\u00f3 por ceder y dar paso a la salida del director del Hospital de Cl\u00ednicas, Jhonny Ayll\u00f3n.<\/p>\n<p style=\"text-align: justify;\">La decisi\u00f3n se consolid\u00f3 con la firma de un acuerdo entre trabajadores del nosocomio y el Sedes. Esto luego de jornadas de di\u00e1logo que tuvieron como mediadora a la Defensor\u00eda del Pueblo.<\/p>\n<p style=\"text-align: justify;\">\u201cReplegar al doctor Jhony Ayll\u00f3n, director del Hospital de Cl\u00ednicas; como segunda acci\u00f3n, el subdirector de dicho nosocomio asumir\u00e1 el cargo de forma transitoria; con relaci\u00f3n a la desvinculaci\u00f3n de trabajadores de este hospital, la misma ser\u00e1 evaluada a partir de la primera semana del mes de septiembre; el proceso de institucionalizaci\u00f3n se evaluar\u00e1 de forma posterior\u201d, ley\u00f3 el director del Sedes, Javier Pe\u00f1aranda, como uno de los puntos del acuerdo.<\/p>\n<p style=\"text-align: justify;\">HOSPITAL DE CL\u00cdNICAS<\/p>\n<p style=\"text-align: justify;\">Asumido el cambio que demandaba, el personal movilizado garantiz\u00f3, mediante el Sindicato de Ramas M\u00e9dicas de Salud P\u00fablica (Sirmes), la continuidad de los servicios de manera normal en el hospital que es parte del Complejo de Miraflores.<\/p>\n<p style=\"text-align: justify;\">\u201cLuego de arduas negociaciones con los involucrados de este sector, hoy y con este acuerdo se pone fin a las medidas de emergencia que hab\u00edan asumido los trabajadores del Hospital de Cl\u00ednicas\u201d, indic\u00f3 el coordinador defensorial Departamental La Paz, Francisco Rodr\u00edguez.<\/p>\n<p style=\"text-align: justify;\">De esta manera terminan las medidas de presi\u00f3n, que llevaron incluso a paralizar los servicios habituales en el nosocomio. El resto de los puntos, como el proceso de institucionalizaci\u00f3n y la evaluaci\u00f3n de personal desvinculado, se evaluar\u00e1n en septiembre.<\/p>\n","protected":false},"excerpt":{"rendered":"<p>Tras una serie de medidas de presi\u00f3n y la amenaza de un paro departamental, el Servicio Departamental de Salud (Sedes) La Paz termin\u00f3 por ceder y dar paso a la salida del director del Hospital de Cl\u00ednicas, Jhonny Ayll\u00f3n. La decisi\u00f3n se consolid\u00f3 con la firma de un acuerdo entre trabajadores del nosocomio y el [&hellip;]<\/p>\n","protected":false},"author":4,"featured_media":56572,"comment_status":"open","ping_status":"closed","sticky":false,"template":"","format":"standard","meta":{"footnotes":""},"categories":[53],"tags":[],"class_list":{"0":"post-56571","1":"post","2":"type-post","3":"status-publish","4":"format-standard","5":"has-post-thumbnail","7":"category-salud"},"_links":{"self":[{"href":"https:\/\/jms.com.bo\/mediamonitor\/wp-json\/wp\/v2\/posts\/56571","targetHints":{"allow":["GET"]}}],"collection":[{"href":"https:\/\/jms.com.bo\/mediamonitor\/wp-json\/wp\/v2\/posts"}],"about":[{"href":"https:\/\/jms.com.bo\/mediamonitor\/wp-json\/wp\/v2\/types\/post"}],"author":[{"embeddable":true,"href":"https:\/\/jms.com.bo\/mediamonitor\/wp-json\/wp\/v2\/users\/4"}],"replies":[{"embeddable":true,"href":"https:\/\/jms.com.bo\/mediamonitor\/wp-json\/wp\/v2\/comments?post=56571"}],"version-history":[{"count":0,"href":"https:\/\/jms.com.bo\/mediamonitor\/wp-json\/wp\/v2\/posts\/56571\/revisions"}],"wp:featuredmedia":[{"embeddable":true,"href":"https:\/\/jms.com.bo\/mediamonitor\/wp-json\/wp\/v2\/media\/56572"}],"wp:attachment":[{"href":"https:\/\/jms.com.bo\/mediamonitor\/wp-json\/wp\/v2\/media?parent=56571"}],"wp:term":[{"taxonomy":"category","embeddable":true,"href":"https:\/\/jms.com.bo\/mediamonitor\/wp-json\/wp\/v2\/categories?post=56571"},{"taxonomy":"post_tag","embeddable":true,"href":"https:\/\/jms.com.bo\/mediamonitor\/wp-json\/wp\/v2\/tags?post=56571"}],"curies":[{"name":"wp","href":"https:\/\/api.w.org\/{rel}","templated":true}]}}